{"id":4444,"date":"2022-06-03T00:00:00","date_gmt":"2022-06-02T22:00:00","guid":{"rendered":"https:\/\/www.raja.fr\/blog\/optimisation-frais-de-port-la-poste"},"modified":"2025-08-13T17:48:52","modified_gmt":"2025-08-13T15:48:52","slug":"optimisation-frais-de-port-la-poste","status":"publish","type":"post","link":"https:\/\/www.raja.fr\/blog\/optimisation-frais-de-port-la-poste","title":{"rendered":"Comment optimiser vos frais de port par La Poste et Colissimo ?"},"content":{"rendered":"<p>Vous exp\u00e9diez r\u00e9guli\u00e8rement des lettres ou vos marchandises e-commerce par La Poste et vous souhaitez optimiser vos frais de port ? Vous \u00eates au bon endroit !<\/p>\n<p><\/p>\n<p>D\u00e9couvrez dans cet article <span style=\"font-weight: bold;\">tout ce qu\u2019il vous faut savoir pour r\u00e9duire vos frais de port par La Poste ou Colissimo, sans pour autant rogner sur la qualit\u00e9 de vos livraisons et de votre exp\u00e9rience client<\/span>.<\/p>\n<p><img loading=\"lazy\" decoding=\"async\" style=\"width: 1200px;\" src=\"https:\/\/www.raja.fr\/blog\/wp-content\/uploads\/2022\/05\/frais-de-port-la-poste.jpeg\" alt=\"Comment optimiser vos frais de port par La Poste\" width=\"1200\" \/><\/p>\n<h2>Quelles sont les dimensions et poids autoris\u00e9s pour les envois par La Poste et Colissimo ?<\/h2>\n<p>Que vous exp\u00e9diez vos produits ou vos documents par une enveloppe ou par une bo\u00eete postale, ce qui importe, c\u2019est bien de conna\u00eetre <a href=\"https:\/\/aide.laposte.fr\/contenu\/quelles-sont-les-dimensions-autorisees-pour-les-lettres-et-les-colissimo\" target=\"_blank\" rel=\"noopener\">les dimensions et poids maximaux autoris\u00e9s par La Poste et Colissimo<\/a>.<\/p>\n<p>Les voici, \u00e0 prendre en compte lorsque vous choisissez vos emballages :<\/p>\n<div style=\"overflow-x: auto; max-width: 100%; width: 100%; margin-left: auto; margin-right: auto;\" data-hs-responsive-table=\"true\">\n<table style=\"width: 100%; border-collapse: collapse; table-layout: fixed; border: 1px solid #99acc2;\">\n<tbody>\n<tr>\n<td style=\"width: 25%; padding: 4px;\">\n<p style=\"font-weight: bold;\">Cat\u00e9gorie d\u2019envois<\/p>\n<\/td>\n<td style=\"width: 25%; padding: 4px;\"><span style=\"font-weight: bold;\">Dimensions minimales<\/span><\/td>\n<td style=\"width: 25%; padding: 4px;\"><span style=\"font-weight: bold;\">Dimensions maximales<\/span><\/td>\n<td style=\"width: 25%; padding: 4px;\"><span style=\"font-weight: bold;\">Poids maximal<\/span><\/td>\n<\/tr>\n<tr>\n<td style=\"width: 25%; padding: 4px;\"><span style=\"font-weight: bold;\">Lettre ou carte (par La Poste)<\/span><\/td>\n<td style=\"width: 25%; padding: 4px;\">L = 14 cm<br \/>\nl = 9 cm<\/td>\n<td style=\"width: 25%; padding: 4px;\">L + l + h = 100 cm<br \/>\navec une longueur maximale de 60 cm et une \u00e9paisseur maximale de 3 cm<\/td>\n<td style=\"width: 25%; padding: 4px;\">3 kg<\/td>\n<\/tr>\n<tr>\n<td style=\"width: 25%; padding: 4px;\"><span style=\"font-weight: bold;\">Colis (par Colissimo)<\/span><\/td>\n<td style=\"width: 25%; padding: 4px;\">L = 22 cm<br \/>\nl = 11 cm<br \/>\nh = 1 cm<\/td>\n<td style=\"width: 25%; padding: 4px;\">L + l + h = 150 cm<br \/>\navec une longueur maximale de 100 cm<\/td>\n<td style=\"width: 25%; padding: 4px;\">Exp\u00e9dition depuis un point de contact postal : 30 kg<br \/>\nExp\u00e9dition depuis la bo\u00eete aux lettres : 5 kg<\/td>\n<\/tr>\n<tr>\n<td style=\"width: 25%; padding: 4px;\"><span style=\"font-weight: bold;\">Colis sous forme de rouleaux (par Colissimo, avec suppl\u00e9ment tarifaire)<\/span><\/td>\n<td style=\"width: 25%; padding: 4px;\">L : 22 cm<br \/>\nDiam\u00e8tre = 5 cm<\/td>\n<td style=\"width: 25%; padding: 4px;\">L+2 x diam\u00e8tre = 200 cm<\/td>\n<td style=\"width: 25%; padding: 4px;\">30 kg<\/td>\n<\/tr>\n<\/tbody>\n<\/table>\n<\/div>\n\n<span class=\"hs-cta-wrapper\" id=\"hs-cta-wrapper-bbd922e1-fa9b-4444-bd14-b98d5b30b77d\">\n <span class=\"hs-cta-node hs-cta-bbd922e1-fa9b-4444-bd14-b98d5b30b77d\"\n id=\"hs-cta-bbd922e1-fa9b-4444-bd14-b98d5b30b77d\"><!--[if lte IE 8]>\n <div id=\"hs-cta-ie-element\"><\/div><![endif]-->\n <a href=\"https:\/\/cta-redirect.hubspot.com\/cta\/redirect\/4002043\/bbd922e1-fa9b-4444-bd14-b98d5b30b77d\">\n <img loading=\"lazy\" decoding=\"async\" class=\"hs-cta-img\" id=\"hs-cta-img-bbd922e1-fa9b-4444-bd14-b98d5b30b77d\" style=\"border-width:0px;\"\n height=\"\" width=\"\"\n src=\"https:\/\/no-cache.hubspot.com\/cta\/default\/4002043\/bbd922e1-fa9b-4444-bd14-b98d5b30b77d.png\"\n alt=\"\"\/>\n <\/a>\n <\/span>\n <script charset=\"utf-8\" src=\"https:\/\/js.hscta.net\/cta\/current.js\"><\/script>\n <script\n            type=\"text\/javascript\"> hbspt.cta.load(4002043, 'bbd922e1-fa9b-4444-bd14-b98d5b30b77d', {\n            \"useNewLoader\": \"true\",\n            \"region\": \"na1\"\n        });\n    <\/script>\n<\/span>\n\n<h2>Quels sont les frais de port de La Poste et de Colissimo ?<\/h2>\n<p>Pour les lettres, il existe plusieurs types d\u2019affranchissement chez La Poste :<\/p>\n<ul>\n<li><strong>La Lettre Suivie<\/strong>, qui permet d\u2019envoyer une lettre et de savoir quand votre destinataire a re\u00e7u le courrier<\/li>\n<li><strong>La Lettre Prioritaire<\/strong>, pour un acheminement de courrier urgent<\/li>\n<li><strong>La Lettre Verte<\/strong>, un mode de transport de courrier \u00e9cologique<\/li>\n<li><strong>L\u2019\u00e9co-pli<\/strong>, qui constitue le tarif postal le moins cher de La Poste, \u00e0 r\u00e9server aux envois non urgents<\/li>\n<\/ul>\n<p>Les frais de port de La Poste varient en fonction de ces diff\u00e9rents types d\u2019affranchissement. Voici ceux de 2025 pour le format <a href=\"https:\/\/www.laposte.fr\/tarif-lettre-suivie\" target=\"_blank\" rel=\"noopener\">Lettre Suivie<\/a> :<\/p>\n<div style=\"overflow-x: auto; max-width: 100%; width: 100%; margin-left: auto; margin-right: auto;\" data-hs-responsive-table=\"true\">\n<table style=\"width: 100%; border-collapse: collapse; table-layout: fixed; border: 1px solid #99acc2;\">\n<tbody>\n<tr>\n<td style=\"width: 33.3333%; padding: 4px;\"><span style=\"font-weight: bold;\">Poids jusqu\u2019\u00e0\u2026<\/span><\/td>\n<td style=\"width: 33.3333%; padding: 4px;\"><span style=\"font-weight: bold;\">Tarif Lettre suivie vers la France<\/span><\/td>\n<td style=\"width: 33.3333%; padding: 4px;\">\n<p style=\"font-weight: bold;\">Tarif lettre suivie vers l\u2019international<\/p>\n<\/td>\n<\/tr>\n<tr>\n<td style=\"width: 33.3333%; padding: 4px;\">20 g<\/td>\n<td style=\"width: 33.3333%; padding: 4px;\">1,89\u20ac<\/td>\n<td style=\"width: 33.3333%; padding: 4px;\">4,84\u20ac<\/td>\n<\/tr>\n<tr>\n<td style=\"width: 33.3333%; padding: 4px;\">100 g<\/td>\n<td style=\"width: 33.3333%; padding: 4px;\">3,28\u20ac<\/td>\n<td style=\"width: 33.3333%; padding: 4px;\">7,17\u20ac<\/td>\n<\/tr>\n<tr>\n<td style=\"width: 33.3333%; padding: 4px;\">250 g<\/td>\n<td style=\"width: 33.3333%; padding: 4px;\">5,22\u20ac<\/td>\n<td style=\"width: 33.3333%; padding: 4px;\">13,28\u20ac<\/td>\n<\/tr>\n<tr>\n<td style=\"width: 33.3333%; padding: 4px;\">500 g<\/td>\n<td style=\"width: 33.3333%; padding: 4px;\">7,20\u20ac<\/td>\n<td style=\"width: 33.3333%; padding: 4px;\">17,84\u20ac<\/td>\n<\/tr>\n<tr>\n<td style=\"width: 33.3333%; padding: 4px;\">1 kg<\/td>\n<td style=\"width: 33.3333%; padding: 4px;\">8,90\u20ac<\/td>\n<td style=\"width: 33.3333%; padding: 4px;\">31,42\u20ac<\/td>\n<\/tr>\n<tr>\n<td style=\"width: 33.3333%; padding: 4px;\">2 kg<\/td>\n<td style=\"width: 33.3333%; padding: 4px;\">10,75\u20ac<\/td>\n<td style=\"width: 33.3333%; padding: 4px;\">32,30\u20ac<\/td>\n<\/tr>\n<\/tbody>\n<\/table>\n<\/div>\n<p>N\u2019h\u00e9sitez pas \u00e0 consulter les frais de port pour les autres types d\u2019affranchissement directement sur le site de La Poste :<\/p>\n<ul>\n<li><a href=\"https:\/\/www.laposte.fr\/tarif-lettre-prioritaire\" target=\"_blank\" rel=\"noopener\">Tarifs Lettre Prioritaire<\/a><\/li>\n<li><a href=\"https:\/\/www.laposte.fr\/tarif-lettre-verte\" target=\"_blank\" rel=\"noopener\">Tarifs Lettre Verte<\/a><\/li>\n<li><a href=\"https:\/\/www.laposte.fr\/tarif-ecopli\" target=\"_blank\" rel=\"noopener\">Tarifs \u00e9co-pli<\/a><\/li>\n<\/ul>\n<h2>Quels sont les d\u00e9lais de livraison de La Poste ?<\/h2>\n<p>Les d\u00e9lais de livraison de La Poste d\u00e9pendent du type d\u2019affranchissement de la lettre que vous avez choisi.<\/p>\n<p>Comptez\u2026<\/p>\n<ul>\n<li><strong>Pour une Lettre Suivie<\/strong> : 2 jours pour une exp\u00e9dition en France m\u00e9tropolitaine, et \u00e0 peu pr\u00e8s 3 jours pour les principales villes europ\u00e9ennes.<\/li>\n<li><strong>Pour une Lettre Prioritaire<\/strong> : un d\u00e9lai de moins de 24 heures pour la m\u00e9tropole, entre 2 et 3 jours dans l\u2019Union Europ\u00e9enne, et quelques jours \u00e0 plusieurs semaines hors de l\u2019UE.<\/li>\n<li><strong>Pour une Lettre Verte<\/strong> : 2 jours ouvr\u00e9s en France m\u00e9tropolitaine, et 4 \u00e0 7 jours dans les DOM et COM, selon les destinations.<\/li>\n<li><strong>Pour un \u00e9co-pli<\/strong> : en 4 jours environ, mais La Poste ne s\u2019engage sur aucun d\u00e9lai d\u2019acheminement, \u00e9tant donn\u00e9 que ces envois ne sont pas du tout prioritaires.<\/li>\n<\/ul>\n<h2>Comment affranchir votre colis ?<\/h2>\n<p>Pour affranchir une lettre ou un colis, deux options s\u2019offrent \u00e0 vous :<\/p>\n<ul>\n<li><strong>Soit vous rendre en bureau de Poste<\/strong> o\u00f9 vous pourrez affranchir votre envoi, soit au guichet traditionnel, soit \u00e0 un guichet automatique.<\/li>\n<li><strong>Soit imprimer vos timbres ou vos bordereaux d\u2019exp\u00e9dition depuis chez vous<\/strong>, sur le site de La Poste. Cette option a l\u2019avantage, pour une lettre, de vous faire \u00e9conomiser 3 centimes par rapport \u00e0 un timbre rouge \u201cclassique\u201d.<\/li>\n<\/ul>\n<h2>Quels emballages pour exp\u00e9dier vos documents et marchandises par La Poste ou Colissimo ?<\/h2>\n<p>Vous souhaitez passer directement en bo\u00eete aux lettres lors d\u2019une livraison \u00e0 domicile par La Poste ou Colissimo ? Voici les emballages cl\u00e9s dont vous pouvez vous doter pour ce faire.<\/p>\n<div style=\"overflow-x: auto; max-width: 100%; width: 100%; margin-left: auto; margin-right: auto;\" data-hs-responsive-table=\"true\">\n<table style=\"width: 100%; border-collapse: collapse; table-layout: fixed; border: 1px solid #99acc2; height: 935px; border-color: #FFFFFF;\">\n<tbody>\n<tr style=\"height: 91px;\">\n<td style=\"width: 43.6596%; padding: 4px; height: 91px;\"><img loading=\"lazy\" decoding=\"async\" style=\"width: 410px;\" src=\"https:\/\/www.raja.fr\/blog\/wp-content\/uploads\/2022\/05\/enveloppe-kraft-simple.png\" alt=\"enveloppe-kraft-simple\" width=\"410\" \/><\/td>\n<td style=\"width: 56.3404%; padding: 4px; height: 91px;\"><a href=\"https:\/\/www.raja.fr\/enveloppes-pochettes\/enveloppes-commerciales\/enveloppes-et-pochettes-kraft-et-kraft-arme\/pochette-brune-en-kraft-fermeture-adhesive_PDT01540.html\" target=\"_blank\" rel=\"noopener\"><span style=\"font-weight: bold;\">L\u2019enveloppe kraft simple<\/span><\/a> est l\u2019option traditionnelle pour envoyer vos documents les plus fins et l\u00e9gers.<\/td>\n<\/tr>\n<tr style=\"height: 117px;\">\n<td style=\"width: 43.6596%; padding: 4px; height: 117px;\"><img loading=\"lazy\" decoding=\"async\" style=\"width: 410px;\" src=\"https:\/\/www.raja.fr\/blog\/wp-content\/uploads\/2022\/05\/pochette-matelassee-bulles.png\" alt=\"pochette-matelassee-bulles\" width=\"410\" \/><\/td>\n<td style=\"width: 56.3404%; padding: 4px; height: 117px;\"><a href=\"https:\/\/www.raja.fr\/enveloppes-pochettes\/pochettes-matelassees\/enveloppes-et-pochettes-a-bulles\/pochette-matelassee-de-bulles-rajabul-eco_PDT02198.html\" target=\"_blank\" rel=\"noopener\"><span style=\"font-weight: bold;\">La pochette matelass\u00e9e bulles<\/span><\/a> est protectrice et antichoc, et sa l\u00e9g\u00e8ret\u00e9 vous permet de r\u00e9duire vos frais de port par La Poste tout en prot\u00e9geant votre marchandise.<\/td>\n<\/tr>\n<tr style=\"height: 121px;\">\n<td style=\"width: 43.6596%; padding: 4px; height: 121px;\"><img loading=\"lazy\" decoding=\"async\" style=\"width: 912px;\" src=\"https:\/\/www.raja.fr\/blog\/wp-content\/uploads\/2022\/05\/pochette-alveolaire-carton.png\" alt=\"pochette-alveolaire-carton\" width=\"912\" \/><\/td>\n<td style=\"width: 56.3404%; padding: 4px; height: 121px;\"><a href=\"https:\/\/www.raja.fr\/enveloppes-pochettes-tubes\/pochettes-matelassees\/pochettes-matelassees-de-papier\/pochette-matelassee-papier-alveolaire_OFF_FR_0409.html?QueryID=3d8ab18ee95856badc8e798a931d2363\" target=\"_blank\" rel=\"noopener\"><span style=\"font-weight: bold;\">La pochette alv\u00e9olaire kraft<\/span><\/a> est une v\u00e9ritable innovation : form\u00e9e d\u2019un matelas de papier recouvert par deux couches de papier kraft ext\u00e9rieur, elle est enti\u00e8rement recyclable, et prot\u00e8ge \u00e0 merveille vos produits les plus fragiles.<\/td>\n<\/tr>\n<tr style=\"height: 121px;\">\n<td style=\"width: 43.6596%; padding: 4px; height: 121px;\"><img loading=\"lazy\" decoding=\"async\" style=\"width: 410px;\" src=\"https:\/\/www.raja.fr\/blog\/wp-content\/uploads\/2022\/05\/pochette-kraft-arme.png\" alt=\"pochette-kraft-arme\" width=\"410\" \/><\/td>\n<td style=\"width: 56.3404%; padding: 4px; height: 121px;\"><a href=\"https:\/\/www.raja.fr\/enveloppes-pochettes\/enveloppes-commerciales\/enveloppes-et-pochettes-kraft-et-kraft-arme\/pochette-brune-en-kraft-arme_OFF_FR_0356.html\" target=\"_blank\" rel=\"noopener\"><span style=\"font-weight: bold;\">La pochette kraft arm\u00e9<\/span><\/a> pr\u00e9sente une excellente r\u00e9sistance \u00e0 la d\u00e9chirure et \u00e0 l\u2019\u00e9clatement, gr\u00e2ce \u00e0 du kraft renforc\u00e9. Rigide, elle permet de pr\u00e9senter de mani\u00e8re valorisante vos documents. Elle existe \u00e9galement en <a href=\"https:\/\/www.raja.fr\/enveloppes-pochettes-tubes\/enveloppes-et-pochettes-courrier\/pochettes-kraft-velin-et-papier\/pochette-brune-kraft-arme-a-soufflets-raja_OFF_FR_0359.html\" target=\"_blank\" rel=\"noopener\">version \u00e0 soufflets<\/a> pour des exp\u00e9ditions n\u00e9cessitant un plus grand volume.<\/td>\n<\/tr>\n<tr style=\"height: 121px;\">\n<td style=\"width: 43.6596%; padding: 4px; height: 121px;\"><img loading=\"lazy\" decoding=\"async\" style=\"width: 410px;\" src=\"https:\/\/www.raja.fr\/blog\/wp-content\/uploads\/2022\/05\/pochette-navette.png\" alt=\"pochette-navette\" width=\"410\" \/><\/td>\n<td style=\"width: 56.3404%; padding: 4px; height: 121px;\"><a href=\"https:\/\/www.raja.fr\/fournitures-de-bureau\/traitement-du-courrier\/pochettes-navettes\/pochette-navette-sans-soufflets-raja_OFF_FR_0119.html\" target=\"_blank\" rel=\"noopener\"><span style=\"font-weight: bold;\">La pochette navette<\/span><\/a> convient \u00e0 l\u2019envoi de produits sensibles \u00e0 l\u2019humidit\u00e9 ou aux microbes, gr\u00e2ce \u00e0 sa structure en PVC 450 microns. Son opacit\u00e9 permet une parfaite confidentialit\u00e9 de vos envois.<\/td>\n<\/tr>\n<tr style=\"height: 121px;\">\n<td style=\"width: 43.6596%; padding: 4px; height: 121px;\"><img loading=\"lazy\" decoding=\"async\" style=\"width: 410px;\" src=\"https:\/\/www.raja.fr\/blog\/wp-content\/uploads\/2022\/05\/boite-extra-plate-expedition.png\" alt=\"boite-extra-plate-expedition\" width=\"410\" \/><\/td>\n<td style=\"width: 56.3404%; padding: 4px; height: 121px;\"><span style=\"font-weight: bold;\">La bo\u00eete postale extra-plate<\/span> permet une exp\u00e9dition \u00e9conomique, puisqu\u2019elle est adapt\u00e9e pour un affranchissement courrier. Sa double \u00e9paisseur de carton sur les c\u00f4t\u00e9s la rend tr\u00e8s protectrice, et elle est 70% recycl\u00e9, et totalement recyclable.<\/td>\n<\/tr>\n<tr style=\"height: 121px;\">\n<td style=\"width: 43.6596%; padding: 4px; height: 121px;\"><img loading=\"lazy\" decoding=\"async\" style=\"width: 410px;\" src=\"https:\/\/www.raja.fr\/blog\/wp-content\/uploads\/2022\/05\/etui-postal.png\" alt=\"etui-postal\" width=\"410\" \/><\/td>\n<td style=\"width: 56.3404%; padding: 4px; height: 121px;\"><a href=\"https:\/\/www.raja.fr\/caisses-boites-tubes\/boites-postales-etuis-et-tubes\/boites-et-etuis-pour-livre-classeur\/etui-croix-brun-en-carton-pour-livres_PDT00459.html?QueryID=a8a3b0386fbd124c4ec0b734d78d3e1b\" target=\"_blank\" rel=\"noopener\"><span style=\"font-weight: bold;\">L\u2019\u00e9tui postal<\/span><\/a> est adaptable en hauteur gr\u00e2ce \u00e0 son rainurage qui facilite le pliage, mais aussi tr\u00e8s protecteur, gr\u00e2ce \u00e0 ses rebords en carton.<\/td>\n<\/tr>\n<tr style=\"height: 121px;\">\n<td style=\"width: 43.6596%; padding: 4px; height: 121px;\">\u00a0<img loading=\"lazy\" decoding=\"async\" style=\"width: 410px;\" src=\"https:\/\/www.raja.fr\/blog\/wp-content\/uploads\/2022\/05\/boite-carton-calage-film.png\" alt=\"boite-carton-calage-film\" width=\"410\" \/><\/td>\n<td style=\"width: 56.3404%; padding: 4px; height: 121px;\">&nbsp;<\/p>\n<p><a href=\"https:\/\/www.raja.fr\/caisses-boites-tubes\/boites-postales-etuis-et-tubes\/emballages-multimedia-cd-dvd\/boite-korrvu-calage-film-integre_OFF_FR_0775.html?QueryID=1d4a0a89877ef65cc9fe5d03116c7b6e\" target=\"_blank\" rel=\"noopener\"><span style=\"font-weight: bold;\">La bo\u00eete carton avec calage film int\u00e9gr\u00e9<\/span><\/a> s\u2019av\u00e8re \u00eatre un choix optimal pour l\u2019envoi de petits composants ou produits \u00e9lectroniques. Son calage plastique 60 microns permet de maintenir le produit. Elle est \u00e9galement recyclable.<\/td>\n<\/tr>\n<\/tbody>\n<\/table>\n<\/div>\n<h2><\/h2>\n<p>&nbsp;<\/p>\n<div style=\"text-align: center;\"><iframe loading=\"lazy\" title=\"YouTube video player\" src=\"https:\/\/www.youtube.com\/embed\/V7WcqJz8zT8?si=uORlmzXjYxeEElFs\" width=\"560\" height=\"315\" frameborder=\"0\" allowfullscreen=\"allowfullscreen\"><\/iframe><\/div>\n<p>&nbsp;<\/p>\n<h2><\/h2>\n<h2>5 conseils r\u00e9duire vos frais de port par La Poste sans nuire \u00e0 la qualit\u00e9 des livraisons<\/h2>\n<p>Envie d\u2019aller plus loin dans l\u2019optimisation de vos frais de port par La Poste ? Bonne initiative !<\/p>\n<p>Voici quelques astuces pour ce faire :<\/p>\n<ul>\n<li><strong>Choisissez la bonne cannelure de carton, en fonction de vos besoins de protection<\/strong>. Chaque type de cannelure est adapt\u00e9e \u00e0 un poids maximal pour vos colis et, en r\u00e9duisant la cannelure, vous pouvez gagner quelques grammes\u2026 et ainsi payer moins cher. Pour en savoir plus sur ce sujet, rendez-vous sur <a href=\"\/blog\/carton-simple-double-triple-cannelure\" target=\"_blank\" rel=\"noopener\">notre article \u201cCarton simple, double, ou triple cannelure ? De quoi avez-vous besoin ?\u201d<\/a>.<\/li>\n<li><strong>Optez pour la bonne priorit\u00e9 d\u2019exp\u00e9dition<\/strong>. Posez-vous la question de savoir si vous avez r\u00e9ellement besoin d\u2019une livraison express ou d\u2019une lettre prioritaire, ou bien si votre colis peut attendre un peu plus longtemps. Ce faisant, vous \u00e9conomisez des co\u00fbts postaux qui, \u00e0 terme, peuvent peser lourd sur votre budget transport.<\/li>\n<li><strong>Veillez \u00e0 bien choisir votre mode d\u2019exp\u00e9dition en fonction de la valeur de vos envois<\/strong>. Si vous exp\u00e9diez des produits on\u00e9reux, il peut \u00eatre n\u00e9cessaire de prendre une assurance suppl\u00e9mentaire, voire de passer par des transporteurs sp\u00e9cialis\u00e9s. L\u2019id\u00e9e ? Ne pas rogner sur la qualit\u00e9 de vos livraisons, pour une exp\u00e9rience client optimale.<\/li>\n<li><strong>Menez des appels d\u2019offres de transport pour trouver les meilleurs prix<\/strong>, si vous menez des exp\u00e9ditions fr\u00e9quentes. L\u2019objectif est bien de trouver le transporteur qui pourra vous proposer les meilleurs tarifs, sans pour autant nuire \u00e0 la qualit\u00e9 des livraisons. Pour en savoir plus, direction <a href=\"\/blog\/appel-d-offre-transport\" target=\"_blank\" rel=\"noopener\">les 7 conseils de ColisConsult pour r\u00e9ussir son appel d\u2019offres transport<\/a>.<\/li>\n<li><strong>Pour les livraisons express et internationales, faites attention au poids-volume de vos envois<\/strong>. En effet, lorsque vous choisissez ce type d\u2019exp\u00e9ditions, Colissimo vous facture au poids volum\u00e9trique, c\u2019est-\u00e0-dire non seulement en fonction du poids, mais \u00e9galement du volume que prend votre colis dans les v\u00e9hicules de transport. D\u2019o\u00f9 l\u2019int\u00e9r\u00eat de trouver des emballages au plus pr\u00e8s de vos produits, qui seront tout aussi protecteurs et valorisants.<\/li>\n<\/ul>\n<p>Arm\u00e9 de ces conseils malins et de ces bonnes pratiques, vous voil\u00e0 pr\u00eat \u00e0 optimiser vos frais de port par La Poste et Colissimo !<\/p>\n\n<span class=\"hs-cta-wrapper\" id=\"hs-cta-wrapper-8f6ba012-a28d-4082-bd61-5a8f10436985\">\n <span class=\"hs-cta-node hs-cta-8f6ba012-a28d-4082-bd61-5a8f10436985\"\n id=\"hs-cta-8f6ba012-a28d-4082-bd61-5a8f10436985\"><!--[if lte IE 8]>\n <div id=\"hs-cta-ie-element\"><\/div><![endif]-->\n <a href=\"https:\/\/cta-redirect.hubspot.com\/cta\/redirect\/4002043\/8f6ba012-a28d-4082-bd61-5a8f10436985\">\n <img loading=\"lazy\" decoding=\"async\" class=\"hs-cta-img\" id=\"hs-cta-img-8f6ba012-a28d-4082-bd61-5a8f10436985\" style=\"border-width:0px;\"\n height=\"\" width=\"\"\n src=\"https:\/\/no-cache.hubspot.com\/cta\/default\/4002043\/8f6ba012-a28d-4082-bd61-5a8f10436985.png\"\n alt=\"\"\/>\n <\/a>\n <\/span>\n <script charset=\"utf-8\" src=\"https:\/\/js.hscta.net\/cta\/current.js\"><\/script>\n <script\n            type=\"text\/javascript\"> hbspt.cta.load(4002043, '8f6ba012-a28d-4082-bd61-5a8f10436985', {\n            \"useNewLoader\": \"true\",\n            \"region\": \"na1\"\n        });\n    <\/script>\n<\/span>\n\n","protected":false},"excerpt":{"rendered":"<p>Vous exp\u00e9diez r\u00e9guli\u00e8rement des lettres ou vos marchandises e-commerce par La Poste et vous souhaitez optimiser vos frais de port ? Vous \u00eates au bon endroit !<\/p>\n","protected":false},"author":9,"featured_media":3129,"comment_status":"open","ping_status":"open","sticky":false,"template":"","format":"standard","meta":{"_acf_changed":false,"content-type":"","footnotes":""},"categories":[32,76],"tags":[15,11,5],"class_list":["post-4444","post","type-post","status-publish","format-standard","has-post-thumbnail","hentry","category-e-commerce-retail","category-logistique-stockage","tag-conseils-produits","tag-emballages","tag-preparation-transport"],"acf":[],"yoast_head":"\n<title>Comment optimiser vos frais de port par La Poste et Colissimo ? - Blog RAJA FR<\/title>\n<meta name=\"description\" content=\"Tout ce qu\u2019il vous faut savoir pour r\u00e9duire vos frais de port par La Poste ou Colissimo, sans rogner sur la qualit\u00e9 de livraison et votre exp\u00e9rience client\" \/>\n<meta name=\"robots\" content=\"index, follow, max-snippet:-1, max-image-preview:large, max-video-preview:-1\" \/>\n<link rel=\"canonical\" href=\"https:\/\/www.raja.fr\/blog\/optimisation-frais-de-port-la-poste\" \/>\n<meta property=\"og:locale\" content=\"fr_FR\" \/>\n<meta property=\"og:type\" content=\"article\" \/>\n<meta property=\"og:title\" content=\"Comment optimiser vos frais de port par La Poste et Colissimo ? - Blog RAJA FR\" \/>\n<meta property=\"og:description\" content=\"Tout ce qu\u2019il vous faut savoir pour r\u00e9duire vos frais de port par La Poste ou Colissimo, sans rogner sur la qualit\u00e9 de livraison et votre exp\u00e9rience client\" \/>\n<meta property=\"og:url\" content=\"https:\/\/www.raja.fr\/blog\/optimisation-frais-de-port-la-poste\" \/>\n<meta property=\"og:site_name\" content=\"Blog RAJA FR\" \/>\n<meta property=\"article:published_time\" content=\"2022-06-02T22:00:00+00:00\" \/>\n<meta property=\"article:modified_time\" content=\"2025-08-13T15:48:52+00:00\" \/>\n<meta property=\"og:image\" content=\"https:\/\/www.raja.fr\/blog\/wp-content\/uploads\/2022\/07\/frais-de-port-la-poste.jpeg\" \/>\n\t<meta property=\"og:image:width\" content=\"1200\" \/>\n\t<meta property=\"og:image:height\" content=\"800\" \/>\n\t<meta property=\"og:image:type\" content=\"image\/jpeg\" \/>\n<meta name=\"author\" content=\"La redaction\" \/>\n<meta name=\"twitter:card\" content=\"summary_large_image\" \/>\n<meta name=\"twitter:label1\" content=\"\u00c9crit par\" \/>\n\t<meta name=\"twitter:data1\" content=\"La redaction\" \/>\n\t<meta name=\"twitter:label2\" content=\"Dur\u00e9e de lecture estim\u00e9e\" \/>\n\t<meta name=\"twitter:data2\" content=\"9 minutes\" \/>\n<script type=\"application\/ld+json\" class=\"yoast-schema-graph\">{\n\t    \"@context\": \"https:\/\/schema.org\",\n\t    \"@graph\": [\n\t        {\n\t            \"@type\": \"WebPage\",\n\t            \"@id\": \"https:\/\/www.raja.fr\/blog\/optimisation-frais-de-port-la-poste\",\n\t            \"url\": \"https:\/\/www.raja.fr\/blog\/optimisation-frais-de-port-la-poste\",\n\t            \"name\": \"Comment optimiser vos frais de port par La Poste et Colissimo ? - Blog RAJA FR\",\n\t            \"isPartOf\": {\n\t                \"@id\": \"https:\/\/www.raja.fr\/blog\/#website\"\n\t            },\n\t            \"primaryImageOfPage\": {\n\t                \"@id\": \"https:\/\/www.raja.fr\/blog\/optimisation-frais-de-port-la-poste#primaryimage\"\n\t            },\n\t            \"image\": {\n\t                \"@id\": \"https:\/\/www.raja.fr\/blog\/optimisation-frais-de-port-la-poste#primaryimage\"\n\t            },\n\t            \"thumbnailUrl\": \"https:\/\/www.raja.fr\/blog\/wp-content\/uploads\/2022\/07\/frais-de-port-la-poste.jpeg\",\n\t            \"datePublished\": \"2022-06-02T22:00:00+00:00\",\n\t            \"dateModified\": \"2025-08-13T15:48:52+00:00\",\n\t            \"author\": {\n\t                \"@id\": \"https:\/\/www.raja.fr\/blog\/#\/schema\/person\/4c4c2c7124498c97abc86ae4cd055d81\"\n\t            },\n\t            \"description\": \"Tout ce qu\u2019il vous faut savoir pour r\u00e9duire vos frais de port par La Poste ou Colissimo, sans rogner sur la qualit\u00e9 de livraison et votre exp\u00e9rience client\",\n\t            \"inLanguage\": \"fr-FR\",\n\t            \"potentialAction\": [\n\t                {\n\t                    \"@type\": \"ReadAction\",\n\t                    \"target\": [\n\t                        \"https:\/\/www.raja.fr\/blog\/optimisation-frais-de-port-la-poste\"\n\t                    ]\n\t                }\n\t            ]\n\t        },\n\t        {\n\t            \"@type\": \"ImageObject\",\n\t            \"inLanguage\": \"fr-FR\",\n\t            \"@id\": \"https:\/\/www.raja.fr\/blog\/optimisation-frais-de-port-la-poste#primaryimage\",\n\t            \"url\": \"https:\/\/www.raja.fr\/blog\/wp-content\/uploads\/2022\/07\/frais-de-port-la-poste.jpeg\",\n\t            \"contentUrl\": \"https:\/\/www.raja.fr\/blog\/wp-content\/uploads\/2022\/07\/frais-de-port-la-poste.jpeg\",\n\t            \"width\": 1200,\n\t            \"height\": 800,\n\t            \"caption\": \"Optimisation de vos frais de port par la Poste, Raja\"\n\t        },\n\t        {\n\t            \"@type\": \"WebSite\",\n\t            \"@id\": \"https:\/\/www.raja.fr\/blog\/#website\",\n\t            \"url\": \"https:\/\/www.raja.fr\/blog\/\",\n\t            \"name\": \"Blog RAJA FR\",\n\t            \"description\": \"Les derni\u00e8res tendances emballage, logististique et E-commerce\",\n\t            \"potentialAction\": [\n\t                {\n\t                    \"@type\": \"SearchAction\",\n\t                    \"target\": {\n\t                        \"@type\": \"EntryPoint\",\n\t                        \"urlTemplate\": \"https:\/\/www.raja.fr\/blog\/?s={search_term_string}\"\n\t                    },\n\t                    \"query-input\": {\n\t                        \"@type\": \"PropertyValueSpecification\",\n\t                        \"valueRequired\": true,\n\t                        \"valueName\": \"search_term_string\"\n\t                    }\n\t                }\n\t            ],\n\t            \"inLanguage\": \"fr-FR\"\n\t        },\n\t        {\n\t            \"@type\": \"Person\",\n\t            \"@id\": \"https:\/\/www.raja.fr\/blog\/#\/schema\/person\/4c4c2c7124498c97abc86ae4cd055d81\",\n\t            \"name\": \"La redaction\",\n\t            \"image\": {\n\t                \"@type\": \"ImageObject\",\n\t                \"inLanguage\": \"fr-FR\",\n\t                \"@id\": \"https:\/\/www.raja.fr\/blog\/#\/schema\/person\/image\/\",\n\t                \"url\": \"https:\/\/secure.gravatar.com\/avatar\/0e6afb82fc836f19d54ef8c2946994a1?s=96&d=mm&r=g\",\n\t                \"contentUrl\": \"https:\/\/secure.gravatar.com\/avatar\/0e6afb82fc836f19d54ef8c2946994a1?s=96&d=mm&r=g\",\n\t                \"caption\": \"La redaction\"\n\t            },\n\t            \"url\": \"https:\/\/www.raja.fr\/blog\/author\/la-redaction\"\n\t        }\n\t    ]\n\t}<\/script>\n","yoast_head_json":{"title":"Comment optimiser vos frais de port par La Poste et Colissimo ? - Blog RAJA FR","description":"Tout ce qu\u2019il vous faut savoir pour r\u00e9duire vos frais de port par La Poste ou Colissimo, sans rogner sur la qualit\u00e9 de livraison et votre exp\u00e9rience client","robots":{"index":"index","follow":"follow","max-snippet":"max-snippet:-1","max-image-preview":"max-image-preview:large","max-video-preview":"max-video-preview:-1"},"canonical":"https:\/\/www.raja.fr\/blog\/optimisation-frais-de-port-la-poste","og_locale":"fr_FR","og_type":"article","og_title":"Comment optimiser vos frais de port par La Poste et Colissimo ? - Blog RAJA FR","og_description":"Tout ce qu\u2019il vous faut savoir pour r\u00e9duire vos frais de port par La Poste ou Colissimo, sans rogner sur la qualit\u00e9 de livraison et votre exp\u00e9rience client","og_url":"https:\/\/www.raja.fr\/blog\/optimisation-frais-de-port-la-poste","og_site_name":"Blog RAJA FR","article_published_time":"2022-06-02T22:00:00+00:00","article_modified_time":"2025-08-13T15:48:52+00:00","og_image":[{"width":1200,"height":800,"url":"https:\/\/www.raja.fr\/blog\/wp-content\/uploads\/2022\/07\/frais-de-port-la-poste.jpeg","type":"image\/jpeg"}],"author":"La redaction","twitter_card":"summary_large_image","twitter_misc":{"\u00c9crit par":"La redaction","Dur\u00e9e de lecture estim\u00e9e":"9 minutes"},"schema":{"@context":"https:\/\/schema.org","@graph":[{"@type":"WebPage","@id":"https:\/\/www.raja.fr\/blog\/optimisation-frais-de-port-la-poste","url":"https:\/\/www.raja.fr\/blog\/optimisation-frais-de-port-la-poste","name":"Comment optimiser vos frais de port par La Poste et Colissimo ? - Blog RAJA FR","isPartOf":{"@id":"https:\/\/www.raja.fr\/blog\/#website"},"primaryImageOfPage":{"@id":"https:\/\/www.raja.fr\/blog\/optimisation-frais-de-port-la-poste#primaryimage"},"image":{"@id":"https:\/\/www.raja.fr\/blog\/optimisation-frais-de-port-la-poste#primaryimage"},"thumbnailUrl":"https:\/\/www.raja.fr\/blog\/wp-content\/uploads\/2022\/07\/frais-de-port-la-poste.jpeg","datePublished":"2022-06-02T22:00:00+00:00","dateModified":"2025-08-13T15:48:52+00:00","author":{"@id":"https:\/\/www.raja.fr\/blog\/#\/schema\/person\/4c4c2c7124498c97abc86ae4cd055d81"},"description":"Tout ce qu\u2019il vous faut savoir pour r\u00e9duire vos frais de port par La Poste ou Colissimo, sans rogner sur la qualit\u00e9 de livraison et votre exp\u00e9rience client","inLanguage":"fr-FR","potentialAction":[{"@type":"ReadAction","target":["https:\/\/www.raja.fr\/blog\/optimisation-frais-de-port-la-poste"]}]},{"@type":"ImageObject","inLanguage":"fr-FR","@id":"https:\/\/www.raja.fr\/blog\/optimisation-frais-de-port-la-poste#primaryimage","url":"https:\/\/www.raja.fr\/blog\/wp-content\/uploads\/2022\/07\/frais-de-port-la-poste.jpeg","contentUrl":"https:\/\/www.raja.fr\/blog\/wp-content\/uploads\/2022\/07\/frais-de-port-la-poste.jpeg","width":1200,"height":800,"caption":"Optimisation de vos frais de port par la Poste, Raja"},{"@type":"WebSite","@id":"https:\/\/www.raja.fr\/blog\/#website","url":"https:\/\/www.raja.fr\/blog\/","name":"Blog RAJA FR","description":"Les derni\u00e8res tendances emballage, logististique et E-commerce","potentialAction":[{"@type":"SearchAction","target":{"@type":"EntryPoint","urlTemplate":"https:\/\/www.raja.fr\/blog\/?s={search_term_string}"},"query-input":{"@type":"PropertyValueSpecification","valueRequired":true,"valueName":"search_term_string"}}],"inLanguage":"fr-FR"},{"@type":"Person","@id":"https:\/\/www.raja.fr\/blog\/#\/schema\/person\/4c4c2c7124498c97abc86ae4cd055d81","name":"La redaction","image":{"@type":"ImageObject","inLanguage":"fr-FR","@id":"https:\/\/www.raja.fr\/blog\/#\/schema\/person\/image\/","url":"https:\/\/secure.gravatar.com\/avatar\/0e6afb82fc836f19d54ef8c2946994a1?s=96&d=mm&r=g","contentUrl":"https:\/\/secure.gravatar.com\/avatar\/0e6afb82fc836f19d54ef8c2946994a1?s=96&d=mm&r=g","caption":"La redaction"},"url":"https:\/\/www.raja.fr\/blog\/author\/la-redaction"}]}},"_links":{"self":[{"href":"https:\/\/www.raja.fr\/blog\/wp-json\/wp\/v2\/posts\/4444"}],"collection":[{"href":"https:\/\/www.raja.fr\/blog\/wp-json\/wp\/v2\/posts"}],"about":[{"href":"https:\/\/www.raja.fr\/blog\/wp-json\/wp\/v2\/types\/post"}],"author":[{"embeddable":true,"href":"https:\/\/www.raja.fr\/blog\/wp-json\/wp\/v2\/users\/9"}],"replies":[{"embeddable":true,"href":"https:\/\/www.raja.fr\/blog\/wp-json\/wp\/v2\/comments?post=4444"}],"version-history":[{"count":6,"href":"https:\/\/www.raja.fr\/blog\/wp-json\/wp\/v2\/posts\/4444\/revisions"}],"predecessor-version":[{"id":9878,"href":"https:\/\/www.raja.fr\/blog\/wp-json\/wp\/v2\/posts\/4444\/revisions\/9878"}],"wp:featuredmedia":[{"embeddable":true,"href":"https:\/\/www.raja.fr\/blog\/wp-json\/wp\/v2\/media\/3129"}],"wp:attachment":[{"href":"https:\/\/www.raja.fr\/blog\/wp-json\/wp\/v2\/media?parent=4444"}],"wp:term":[{"taxonomy":"category","embeddable":true,"href":"https:\/\/www.raja.fr\/blog\/wp-json\/wp\/v2\/categories?post=4444"},{"taxonomy":"post_tag","embeddable":true,"href":"https:\/\/www.raja.fr\/blog\/wp-json\/wp\/v2\/tags?post=4444"}],"curies":[{"name":"wp","href":"https:\/\/api.w.org\/{rel}","templated":true}]}}