{"id":4527,"date":"2023-01-02T10:00:00","date_gmt":"2023-01-02T09:00:00","guid":{"rendered":"https:\/\/www.raja.fr\/blog\/conseils-brief-creation-packaging"},"modified":"2026-03-13T12:48:05","modified_gmt":"2026-03-13T11:48:05","slug":"conseils-brief-creation-packaging","status":"publish","type":"post","link":"https:\/\/www.raja.fr\/blog\/conseils-brief-creation-packaging","title":{"rendered":"Cr\u00e9ation packaging : 6 conseils pour un brief id\u00e9al"},"content":{"rendered":"<p id=\"isPasted\">Vous est-il d\u00e9j\u00e0 arriv\u00e9 de transmettre un brief pour la cr\u00e9ation de packaging \u00e0 un prestataire\u2026 et de vous rendre compte, in fine, que vous devez repartir de z\u00e9ro ?<\/p>\n<p>C\u2019est malheureusement l\u2019exp\u00e9rience que font bon nombre de services marketing, en oubliant des \u00e9l\u00e9ments-cl\u00e9s \u00e0 int\u00e9grer.<br \/>\nNous avons interview\u00e9 Julien Mechin, co-fondateur de la plateforme <a href=\"https:\/\/www.creads.fr\/\" target=\"_blank\" rel=\"noopener\">CREADS<\/a>, qui nous a transmis <strong>quelques bonnes pratiques essentielles \u00e0 suivre lorsque vous concevez votre brief de <a href=\"https:\/\/www.creads.com\/creation-graphique\/creation-design-packaging\/\" target=\"_blank\" rel=\"noopener\">cr\u00e9ation de packaging<\/a><\/strong>. En les appliquant, vous gagnerez un temps certain en \u00e9changes avec vos graphistes designers et vous vous assurerez d\u2019un r\u00e9sultat optimal.<\/p>\n<p>\u00c0 vous de v\u00e9ritables supports de communication personnalis\u00e9s, gr\u00e2ce \u00e0 une conception graphique et technique fluide !<\/p>\n<h2>1. Bien savoir diff\u00e9rencier packaging et emballage<\/h2>\n<p>Avant de vous lancer dans la conception de votre brief, il vous faut savoir diff\u00e9rencier packaging et emballage :<\/p>\n<ul>\n<li><a href=\"https:\/\/thot-seo.fr\/blog\/guide-colis-parfait-comment-emballer-marchandise\" target=\"_blank\" rel=\"noopener\">L\u2019emballage<\/a><strong>\u00a0est un outil plut\u00f4t logistique<\/strong> : il s\u2019agit de \u201cl\u2019emballage primaire\u201d, dont la vocation premi\u00e8re est de prot\u00e9ger le produit.<\/li>\n<li><strong>Le packaging est un outil marketing,<\/strong> qui a pour but de faire vendre le produit : c&rsquo;est un outil de communication \u00e0 part enti\u00e8re, qui transmet les messages de la marque de mani\u00e8re visuelle.<\/li>\n<\/ul>\n<p>La diff\u00e9rence entre ces deux\u00a0termes est primordiale.<\/p>\n<ul>\n<li>D\u2019une part, avec l\u2019emballage, il s&rsquo;agit\u00a0souvent de briefs de conception purement techniques, qui visent \u00e0 personnaliser un pur contenant aux valeurs de votre marque.<\/li>\n<li>D\u2019autre part, avec le packaging, les briefs sont g\u00e9n\u00e9ralement plus complexes : ils vont devoir expliquer au cr\u00e9atif comment le packaging peut faire vivre l&rsquo;exp\u00e9rience de la marque au client, via une identit\u00e9 visuelle et un design graphique marquants.<\/li>\n<\/ul>\n<p>Cependant, <a href=\"https:\/\/thot-seo.fr\/blog\/tendances-emballage-environnement\" rel=\"noopener\">\u00a0la tendance de l\u2019emballage<\/a> rejoint aujourd\u2019hui de plus en plus celle du packaging. <strong>Les entreprises \u201cs\u00e9rialisent\u201d leurs emballages<\/strong>, pour les rendre uniques \u00e0 chaque gamme de produit, voire \u00e0 chaque commande, et personnalisent l\u2019exp\u00e9rience qu\u2019en fait le client gr\u00e2ce \u00e0\u00a0des conceptions sur-mesure.<\/p>\n<p>Attention donc \u00e0 bien savoir quel objet, de l\u2019emballage ou du packaging, vous souhaitez faire designer.<\/p>\n<p style=\"text-align: center;\"><img loading=\"lazy\" decoding=\"async\" style=\"width: 600px; display: block; margin: 0px auto;\" src=\"https:\/\/www.raja.fr\/blog\/wp-content\/uploads\/2022\/05\/creation-brief-packaging-ohyes.png\" alt=\"Un exemple de packaging primaire (d\u2019emballage) con\u00e7u par Creads. Sa vocation premi\u00e8re : mettre en avant le branding, et sublimer le produit.\" width=\"600\" \/><em>Un exemple de packaging primaire con\u00e7u par CREADS. Sa vocation premi\u00e8re : mettre en avant le branding en sublimant le produit.<br \/>\n<\/em><\/p>\n<p><strong><img loading=\"lazy\" decoding=\"async\" style=\"width: 150px; float: left; margin: 0px 10px 10px 0px;\" src=\"https:\/\/www.raja.fr\/blog\/wp-content\/uploads\/2022\/05\/Creads_JulienMechin2%20(1).png\" width=\"150\" \/><\/strong><\/p>\n<p><strong>Le mot de Julien Mechin, co-fondateur de CREADS<\/strong>\u00a0: \u201cLa conception d\u2019un packaging sera souvent complexe pour le cr\u00e9atif, par rapport \u00e0 l\u2019emballage. Il ne s\u2019agit pas uniquement d\u2019apposer un logo sur un support, comme on le fait souvent sur un emballage. La packaging sert \u00e0 sublimer le produit, et sert un objectif de marque. Le fait de bien se poser sur un brief est absolument essentiel. Cependant, un emballage lui aussi peut \u00eatre fait sur-mesure et personnalis\u00e9, dans ce cas son brief a \u00e9galement toute son importance.\u201d<\/p>\n<p>Les explications ci-dessous s\u2019appliquent donc autant \u00e0 la r\u00e9daction d\u2019un brief cr\u00e9atif pour un packaging que pour un emballage personnalis\u00e9 pour l&rsquo;exp\u00e9dition.<\/p>\n\n<span class=\"hs-cta-wrapper\" id=\"hs-cta-wrapper-aaab52e1-60a4-4f8c-be43-c51ee9bc87a1\">\n <span class=\"hs-cta-node hs-cta-aaab52e1-60a4-4f8c-be43-c51ee9bc87a1\"\n id=\"hs-cta-aaab52e1-60a4-4f8c-be43-c51ee9bc87a1\"><!--[if lte IE 8]>\n <div id=\"hs-cta-ie-element\"><\/div><![endif]-->\n <a href=\"https:\/\/cta-redirect.hubspot.com\/cta\/redirect\/4002043\/aaab52e1-60a4-4f8c-be43-c51ee9bc87a1\">\n <img loading=\"lazy\" decoding=\"async\" class=\"hs-cta-img\" id=\"hs-cta-img-aaab52e1-60a4-4f8c-be43-c51ee9bc87a1\" style=\"border-width:0px;\"\n height=\"\" width=\"\"\n src=\"https:\/\/no-cache.hubspot.com\/cta\/default\/4002043\/aaab52e1-60a4-4f8c-be43-c51ee9bc87a1.png\"\n alt=\"\"\/>\n <\/a>\n <\/span>\n <script charset=\"utf-8\" src=\"https:\/\/js.hscta.net\/cta\/current.js\"><\/script>\n <script\n            type=\"text\/javascript\"> hbspt.cta.load(4002043, 'aaab52e1-60a4-4f8c-be43-c51ee9bc87a1', {\n            \"useNewLoader\": \"true\",\n            \"region\": \"na1\"\n        });\n    <\/script>\n<\/span>\n\n<p>&nbsp;<\/p>\n<h2>2. Expliquer le contexte de la cr\u00e9ation du packaging<\/h2>\n<p>Cette \u00e9tape du brief est l\u00e0 pour informer du contexte du projet. Il doit permettre au graphiste de comprendre quel est <a href=\"https:\/\/thot-seo.fr\/blog\/nouvelles-tendances-packaging\" rel=\"noopener\"><strong>l&rsquo;objectif de la cr\u00e9ation du packaging<\/strong><\/a> en elle-m\u00eame.<\/p>\n<p>C\u2019est pourquoi un bon brief de cr\u00e9ation doit indiquer les contraintes marketing li\u00e9es au packaging \u00e0 concevoir. Pensez \u00e0 y stipuler quel message il doit faire passer au consommateur, comment il doit d\u00e9fendre la marque, les valeurs v\u00e9hicul\u00e9es au public cible\u2026<\/p>\n<p>N\u2019h\u00e9sitez pas \u00e0 aller dans les d\u00e9tails et \u00e0 cr\u00e9er <strong>un brief marketing aussi exhaustif que possible<\/strong> :<\/p>\n<ul>\n<li>Comment\u00a0ce projet s&rsquo;inscrit-il dans la strat\u00e9gie marketing de l\u2019entreprise ? Le produit en question est-il une nouveaut\u00e9, une r\u00e9\u00e9dition \u00e9v\u00e9nementielle ou s&rsquo;inscrit-il dans une gamme existante ?<\/li>\n<li>Est-ce que le produit a vocation \u00e0 prendre des parts de march\u00e9 au leader (et doit donc faire preuve de plus de cr\u00e9ativit\u00e9) ? Ou est-ce qu&rsquo;il est le leader absolu et qu&rsquo;il essaye de plaire \u00e0 tout le monde ?<\/li>\n<li>Quelles sont les valeurs de la marque \u00e0 transmettre\u00a0?<\/li>\n<li>Qui sont les clients-types ou les cibles vis\u00e9es ?<\/li>\n<li>Quels sont les b\u00e9n\u00e9fices du produit ? Quelle est sa valeur ajout\u00e9e par rapport aux concurrents ?<\/li>\n<\/ul>\n<p>Communiquez \u00e9galement <strong>un maximum de d\u00e9tails sur le produit lui-m\u00eame<\/strong> : son prix, le dispositif publicitaire pr\u00e9vu, les lieux de vente, la fonctionnalit\u00e9 phare\u2026 Plus la personne en charge de la cr\u00e9ation graphique aura de d\u00e9tails, plus vous vous assurerez d\u2019un premier rendu adapt\u00e9 \u00e0 vos besoins.<\/p>\n<p><img loading=\"lazy\" decoding=\"async\" style=\"width: 1000px; display: block; margin: 0px auto;\" src=\"https:\/\/www.raja.fr\/blog\/wp-content\/uploads\/2022\/05\/Packaging%20PETPET_CREADS.jpg\" width=\"1000\" \/><\/p>\n<p style=\"text-align: center;\"><em>Un exemple de packaging, con\u00e7u par CREADS, qui rend visible le produit m\u00eame dans un rayon encombr\u00e9, et qui permet \u00e0 la marque de distinguer ais\u00e9ment des concurrents.<\/em><\/p>\n<p><img loading=\"lazy\" decoding=\"async\" style=\"width: 600px; display: block; margin: 0px auto;\" src=\"https:\/\/www.raja.fr\/blog\/wp-content\/uploads\/2022\/05\/emballage-ecommerce-Kenzo-personnalise.jpg\" alt=\"Un emballage e-commerce sur-mesure, tr\u00e8s personnalis\u00e9, pour la marque Kenzo\" width=\"600\" \/><\/p>\n<p style=\"text-align: center;\"><em>Un emballage sur-mesure pour les commandes e-commerce de Kenzo.<\/em><\/p>\n<p><strong><img loading=\"lazy\" decoding=\"async\" style=\"width: 150px; float: left; margin: 0px 10px 10px 0px;\" src=\"https:\/\/www.raja.fr\/blog\/wp-content\/uploads\/2022\/05\/Creads_JulienMechin2%20(1).png\" alt=\"Creads_JulienMechin2 (1)\" width=\"150\" \/><\/strong><\/p>\n<p>&nbsp;<\/p>\n<p><strong>Le mot de Julien Mechin<\/strong> : \u201cIl existe toujours des objectifs marketing qui se cachent derri\u00e8re le packaging. En bref, un bon brief r\u00e9pond \u00e0 la question <em>Pourquoi ce produit ne peut-il pas exister sans ce packaging ?<\/em>\u201d<\/p>\n<p>&nbsp;<\/p>\n<p>&nbsp;<\/p>\n<h2>3. Concevoir un cahier des charges technique bien exhaustif<\/h2>\n<p>Au-del\u00e0 du c\u00f4t\u00e9 marketing, on oublie souvent un \u00e9l\u00e9ment dans les \u00e9tapes du processus de brief : les contraintes techniques. Pour \u00e9viter au maximum des allers-retours avec le cr\u00e9atif, il vous faut int\u00e9grer <strong>un cahier des charges technique<\/strong> bien ficel\u00e9 au brief.<\/p>\n<p>Dans ce cahier des charges de design packaging, vous pouvez par exemple indiquer :<\/p>\n<ul>\n<li>Votre budget<\/li>\n<li>La mati\u00e8re \u00e0 utiliser<\/li>\n<li>Le type de support<\/li>\n<li>La taille voulue du packaging<\/li>\n<li>Le type de fichier pour le livrable (un fichier maquette 3D ou juste un plan \u00e0-plat)&#8230;<\/li>\n<\/ul>\n<p>Notez \u00e9galement que ce cahier des charges sera tr\u00e8s diff\u00e9rent, selon que vous partez de z\u00e9ro, ou que vous proc\u00e9dez \u00e0 une refonte de l\u2019emballage avec une charte existante, et des contraintes plus pr\u00e9cises concernant votre image de marque..<\/p>\n<p><strong><img loading=\"lazy\" decoding=\"async\" style=\"width: 150px; float: left; margin: 0px 10px 10px 0px;\" src=\"https:\/\/www.raja.fr\/blog\/wp-content\/uploads\/2022\/05\/Creads_JulienMechin2%20(1).png\" alt=\"Creads_JulienMechin2 (1)\" width=\"150\" \/><\/strong><\/p>\n<p><strong>Le mot de Julien Mechin<\/strong> : \u201cLes contraintes techniques du brief ne peuvent\u00a0v\u00e9ritablement pas \u00eatre sous-estim\u00e9es. Il est possible de faire quelque chose de joli, voire d\u2019extraordinaire, sur le papier\u2026 cependant, si ce packaging devient impossible \u00e0 cr\u00e9er in vivo, votre brief ne servira malheureusement \u00e0 rien.\u201d<\/p>\n<p>&nbsp;<\/p>\n<p>&nbsp;<\/p>\n<h2>4. Impliquer les diff\u00e9rents p\u00f4les de l\u2019entreprise d\u00e8s la conception du brief<\/h2>\n<p>On a tendance \u00e0 confier un brief de packaging au marketing. La raison est simple : il est ais\u00e9 de confondre le brief qui permet d\u2019inspirer le cr\u00e9atif, de lui faire comprendre le message, et <strong>le brief \u00e0 contraintes<\/strong>.<\/p>\n<p>Le brief id\u00e9al doit comprendre ces deux facettes : d\u2019une part, il donne\u00a0les objectifs strat\u00e9giques de la marque, et de l\u2019autre, il d\u00e9limite le p\u00e9rim\u00e8tre d\u2019intervention du cr\u00e9atif.<\/p>\n<p>C\u2019est pourquoi il est recommand\u00e9 de <strong>parler avec les diff\u00e9rents p\u00f4les de l&rsquo;entreprise concern\u00e9s<\/strong>, pour structurer les id\u00e9es et \u00e9l\u00e9ments cl\u00e9s. Le marketing doit confronter ses id\u00e9es cr\u00e9atives avec les exigences du p\u00f4le logistique, qui pointera du doigt d\u2019autres contraintes bien sp\u00e9cifiques.<\/p>\n<p>Ce document est le point de d\u00e9part de la collaboration d&rsquo;\u00e9quipe et permet de synth\u00e9tiser la pr\u00e9sentation du projet dans un cadre clair.<\/p>\n<p><img loading=\"lazy\" decoding=\"async\" style=\"width: 816px; display: block; margin: 0px auto;\" src=\"https:\/\/www.raja.fr\/blog\/wp-content\/uploads\/2022\/05\/creation-brief-packaging-laguna.jpg\" alt=\"Un design de packaging fait par Creads pour la marque Laguna, qui r\u00e9pond \u00e0 des besoins de branding et de logistique\" width=\"816\" \/><\/p>\n<p style=\"text-align: center;\"><em>Un exemple de <a href=\"\/blog\/exemples-design-packaging\" target=\"_blank\" rel=\"noopener\">design de packaging<\/a>, fait par CREADS, r\u00e9pondant \u00e0 la fois \u00e0 des objectifs marketing (branding) et \u00e0 des objectifs logistiques (bo\u00eete facile \u00e0 stocker et \u00e0 porter).<\/em><\/p>\n<p style=\"text-align: left;\"><img loading=\"lazy\" decoding=\"async\" style=\"width: 600px; margin: 0px auto; display: block;\" src=\"https:\/\/www.raja.fr\/blog\/wp-content\/uploads\/2022\/05\/emballage-personnalise-burn-controller-1.jpg\" width=\"600\" \/><img loading=\"lazy\" decoding=\"async\" style=\"width: 600px; margin: 0px auto; display: block;\" src=\"https:\/\/www.raja.fr\/blog\/wp-content\/uploads\/2022\/05\/emballage-personnalise-burn-controler-2.jpg\" width=\"600\" \/><img loading=\"lazy\" decoding=\"async\" style=\"width: 600px; display: block; margin: 0px auto;\" src=\"https:\/\/www.raja.fr\/blog\/wp-content\/uploads\/2022\/05\/emballage-personnalise-burn-controller-3.jpg\" alt=\"Un emballage sur-mesure, personnalis\u00e9, sp\u00e9cifiquement cr\u00e9\u00e9 pour prot\u00e9ger les produits qu'il contient\" width=\"600\" \/><\/p>\n<p style=\"text-align: center;\"><em>Un emballage sur-mesure r\u00e9alis\u00e9 par RAJA, dont la contrainte premi\u00e8re \u00e9tait d&rsquo;int\u00e9grer un calage mousse, pour prot\u00e9ger un produit fragile \u00e0 forte valeur ajout\u00e9e.<\/em><\/p>\n<p><strong><img loading=\"lazy\" decoding=\"async\" style=\"width: 150px; float: left; margin: 0px 10px 10px 0px;\" src=\"https:\/\/www.raja.fr\/blog\/wp-content\/uploads\/2022\/05\/Creads_JulienMechin2%20(1).png\" width=\"150\" \/><\/strong><\/p>\n<p>&nbsp;<\/p>\n<p><strong>Le mot de Julien Mechin<\/strong> : \u201cIl n\u2019est pas rare de se retrouver avec un projet de packaging complexe \u00e0 mettre en oeuvre, lorsque les fonctions logistique et produit n\u2019ont pas \u00e9t\u00e9 int\u00e9gr\u00e9es au moment du brief. Communiquer en interne avant de transmettre le brief au cr\u00e9atif est\u00a0essentiel.\u201d<\/p>\n<p>&nbsp;<\/p>\n<h2>5. Donner des pistes cr\u00e9atives qui peuvent influencer la r\u00e9alisation<\/h2>\n<p>Le packaging d&rsquo;un produit est l&rsquo;un des \u00e9l\u00e9ments les plus importants pour la promotion de votre marque et de votre produit. Il s&rsquo;agit de la premi\u00e8re impression que les clients auront de votre produit et de votre entreprise, il est donc crucial de faire en sorte que le visuel attire l&rsquo;attention et reste dans les esprits.<\/p>\n<p>Pour cela, il est important que votre packaging soit facilement identifiable. Cela signifie que la cr\u00e9ation visuelle doit \u00eatre claire pour les consommateurs pour savoir quelle est votre marque et quel produit vous vendez. Le logo de votre entreprise doit \u00eatre facilement reconnaissable et visible sur l&#8217;emballage. Vous pouvez \u00e9galement utiliser un slogan qui refl\u00e8te la personnalit\u00e9 de votre marque et les avantages de votre produit.<\/p>\n<p>En plus de l&rsquo;identification de la marque, il est important de se d\u00e9marquer de la concurrence. Pour cela, vous pouvez utiliser des motifs ou une forme d&#8217;emballage unique qui attire l&rsquo;attention des consommateurs. Il est important de r\u00e9fl\u00e9chir \u00e0 ce qui rend votre produit unique et de l&rsquo;incorporer dans votre emballage.<\/p>\n<p>Mais, il peut parfois \u00eatre compliqu\u00e9 d\u2019expliquer par \u00e9crit ce que l\u2019on imagine d\u2019un packaging, d&rsquo;un point de vue cr\u00e9atif.<\/p>\n<p>C\u2019est pourquoi il ne vous faut pas h\u00e9siter \u00e0 int\u00e9grer \u00e0 votre brief <strong>un moodboard<\/strong>, c&rsquo;est-\u00e0-dire des pistes d\u2019inspiration,\u00a0tir\u00e9es de la concurrence voire d\u2019un autre secteur d\u2019activit\u00e9.<\/p>\n<p>N\u2019oubliez pas \u00e9galement de <strong>transmettre, en plus des \u00e9l\u00e9ments graphiques auxquels vous songez, votre charte graphique et vos anciens packagings<\/strong> si vous en avez. En expliquant comment le cr\u00e9atif doit s\u2019en diff\u00e9rencier ou non, vous lui faites gagner du temps, et vous \u00e9conomisez des allers-retours.<\/p>\n<p><img loading=\"lazy\" decoding=\"async\" style=\"width: 1000px; display: block; margin: 0px auto;\" src=\"https:\/\/www.raja.fr\/blog\/wp-content\/uploads\/2022\/05\/emballage-ecommerce-Lush-personnalise.jpg\" alt=\"Un exemple de packaging chez Lush\" width=\"1000\" \/><\/p>\n<p style=\"text-align: center;\"><em>Un emballage Lush, cr\u00e9\u00e9 en concordance avec les codes et les valeurs d\u00e9j\u00e0 existantes de la marque<\/em><em>.<\/em><\/p>\n<hr \/>\n<p>&nbsp;<\/p>\n<h2>6. Ne pas oublier les contraintes r\u00e9glementaires potentielles<\/h2>\n<p>Ce conseil ne s\u2019applique pas au packaging d\u2019exp\u00e9dition (\u00e0 votre emballage), mais plut\u00f4t au packaging primaire, \u00e0 celui qui est en contact direct avec votre produit.<\/p>\n<p>Pour certains types de produits, il est obligatoire d\u2019<strong>indiquer dans votre brief les contraintes r\u00e9glementaires et l\u00e9gales \u00e0 appliquer au packaging<\/strong>. Sur les produits alimentaires il y a des informations \u00e0 inclure obligatoirement comme les ingr\u00e9dients, sur les produits alcoolis\u00e9s, les mentions relatives \u00e0 la consommation d\u2019alcool\u2026<\/p>\n<p><img loading=\"lazy\" decoding=\"async\" style=\"width: 816px; display: block; margin: 0px auto;\" src=\"https:\/\/www.raja.fr\/blog\/wp-content\/uploads\/2022\/05\/creation-brief-packaging-contrainte-legale.jpg\" alt=\"Attention aux contraintes techniques \u00e0 indiquer sur le brief de votre packaging\" width=\"816\" \/><\/p>\n<p style=\"text-align: center;\"><em>Un exemple de packaging primaire pour une marque de spiritueux, cr\u00e9\u00e9 par CREADS, qui prend en compte la signal\u00e9tique et les contraintes r\u00e9glementaires en vigueur.<\/em><\/p>\n<p><strong><img loading=\"lazy\" decoding=\"async\" style=\"width: 150px; float: left; margin: 0px 10px 10px 0px;\" src=\"https:\/\/www.raja.fr\/blog\/wp-content\/uploads\/2022\/05\/Creads_JulienMechin2%20(1).png\" alt=\"Creads_JulienMechin2 (1)\" width=\"150\" \/>Le mot de Julien Mechin<\/strong> : \u201cIl faut pas h\u00e9siter, si besoin, \u00e0 passer par un expert ayant une capacit\u00e9 de conseil sp\u00e9cifique \u00e0 votre produit. En trouvant un cr\u00e9atif sp\u00e9cialiste du packaging alimentaire, par exemple, qui va penser \u00e0 telle ou telle mention obligatoire, vous gagnez un temps pr\u00e9cieux.\u201d<\/p>\n<p>&nbsp;<\/p>\n<hr \/>\n<p><strong>A propos de CREADS\u2026<\/strong><\/p>\n<p><em>1\u00e8re plateforme de production de contenus cr\u00e9atifs sp\u00e9cialis\u00e9e en graphisme, vid\u00e9o &amp; r\u00e9daction, CREADS r\u00e9unit des milliers de cr\u00e9atifs freelances experts dans tous les secteurs d&rsquo;activit\u00e9. Gr\u00e2ce \u00e0 ses 10 ans d\u2019expertise dans le domaine de la cr\u00e9ation, CREADS a packag\u00e9 les offres de plus de 50 produits print &amp; web avec des prix et d\u00e9lais standardis\u00e9s (logo, cr\u00e9ation de nom, motion design, affiche, banni\u00e8re web, webdesign, packaging, visuels r\u00e9seaux sociaux, etc). Parmi ses 4 000 clients, startups, PME comme grands comptes et agences, CREADS a notamment travaill\u00e9 avec AB Tasty, Drivy, Teads, Fauchon, Axa, Decathlon, Spartoo, SNCF, La Poste, Engie, Carrefour\u2026<\/em><\/p>\n<p><em>\n<span class=\"hs-cta-wrapper\" id=\"hs-cta-wrapper-9fe1b47f-b370-4ec7-ac8c-3f6d83799495\">\n <span class=\"hs-cta-node hs-cta-9fe1b47f-b370-4ec7-ac8c-3f6d83799495\"\n id=\"hs-cta-9fe1b47f-b370-4ec7-ac8c-3f6d83799495\"><!--[if lte IE 8]>\n <div id=\"hs-cta-ie-element\"><\/div><![endif]-->\n <a href=\"https:\/\/cta-redirect.hubspot.com\/cta\/redirect\/4002043\/9fe1b47f-b370-4ec7-ac8c-3f6d83799495\">\n <img loading=\"lazy\" decoding=\"async\" class=\"hs-cta-img\" id=\"hs-cta-img-9fe1b47f-b370-4ec7-ac8c-3f6d83799495\" style=\"border-width:0px;\"\n height=\"\" width=\"\"\n src=\"https:\/\/no-cache.hubspot.com\/cta\/default\/4002043\/9fe1b47f-b370-4ec7-ac8c-3f6d83799495.png\"\n alt=\"\"\/>\n <\/a>\n <\/span>\n <script charset=\"utf-8\" src=\"https:\/\/js.hscta.net\/cta\/current.js\"><\/script>\n <script\n            type=\"text\/javascript\"> hbspt.cta.load(4002043, '9fe1b47f-b370-4ec7-ac8c-3f6d83799495', {\n            \"useNewLoader\": \"true\",\n            \"region\": \"na1\"\n        });\n    <\/script>\n<\/span>\n<\/em><\/p>\n","protected":false},"excerpt":{"rendered":"<p>Vous est-il d\u00e9j\u00e0 arriv\u00e9 de transmettre un brief pour la cr\u00e9ation de packaging \u00e0 un prestataire\u2026 et de vous rendre compte, in fine, que vous devez repartir de z\u00e9ro ? [&#8230;]<\/p>\n","protected":false},"author":9,"featured_media":12485,"comment_status":"open","ping_status":"open","sticky":false,"template":"","format":"standard","meta":{"_acf_changed":false,"content-type":"","footnotes":""},"categories":[32,75],"tags":[16,11,34,50],"class_list":["post-4527","post","type-post","status-publish","format-standard","has-post-thumbnail","hentry","category-e-commerce-retail","category-emballage-expeditions","tag-e-commerce","tag-emballages","tag-experience-client","tag-blog-sur-le-retail"],"acf":[],"yoast_head":"\n<title>Cr\u00e9ation packaging : 6 conseils pour un brief id\u00e9al - Blog RAJA FR<\/title>\n<meta name=\"description\" content=\"Comment concevoir un brief \u00e0 la fois technique et marketing pour votre packaging ou votre emballage ? Les conseils de l&#039;expert vous guident de A \u00e0 Z\" \/>\n<meta name=\"robots\" content=\"index, follow, max-snippet:-1, max-image-preview:large, max-video-preview:-1\" \/>\n<link rel=\"canonical\" href=\"https:\/\/www.raja.fr\/blog\/conseils-brief-creation-packaging\" \/>\n<meta property=\"og:locale\" content=\"fr_FR\" \/>\n<meta property=\"og:type\" content=\"article\" \/>\n<meta property=\"og:title\" content=\"Cr\u00e9ation packaging : 6 conseils pour un brief id\u00e9al - Blog RAJA FR\" \/>\n<meta property=\"og:description\" content=\"Comment concevoir un brief \u00e0 la fois technique et marketing pour votre packaging ou votre emballage ? Les conseils de l&#039;expert vous guident de A \u00e0 Z\" \/>\n<meta property=\"og:url\" content=\"https:\/\/www.raja.fr\/blog\/conseils-brief-creation-packaging\" \/>\n<meta property=\"og:site_name\" content=\"Blog RAJA FR\" \/>\n<meta property=\"article:published_time\" content=\"2023-01-02T09:00:00+00:00\" \/>\n<meta property=\"article:modified_time\" content=\"2026-03-13T11:48:05+00:00\" \/>\n<meta property=\"og:image\" content=\"https:\/\/www.raja.fr\/blog\/wp-content\/uploads\/2023\/01\/creation-packaging-conseils-brief-ideal-scaled.jpg\" \/>\n\t<meta property=\"og:image:width\" content=\"2560\" \/>\n\t<meta property=\"og:image:height\" content=\"1698\" \/>\n\t<meta property=\"og:image:type\" content=\"image\/jpeg\" \/>\n<meta name=\"author\" content=\"La redaction\" \/>\n<meta name=\"twitter:card\" content=\"summary_large_image\" \/>\n<meta name=\"twitter:label1\" content=\"\u00c9crit par\" \/>\n\t<meta name=\"twitter:data1\" content=\"La redaction\" \/>\n\t<meta name=\"twitter:label2\" content=\"Dur\u00e9e de lecture estim\u00e9e\" \/>\n\t<meta name=\"twitter:data2\" content=\"12 minutes\" \/>\n<script type=\"application\/ld+json\" class=\"yoast-schema-graph\">{\n\t    \"@context\": \"https:\/\/schema.org\",\n\t    \"@graph\": [\n\t        {\n\t            \"@type\": \"WebPage\",\n\t            \"@id\": \"https:\/\/www.raja.fr\/blog\/conseils-brief-creation-packaging\",\n\t            \"url\": \"https:\/\/www.raja.fr\/blog\/conseils-brief-creation-packaging\",\n\t            \"name\": \"Cr\u00e9ation packaging : 6 conseils pour un brief id\u00e9al - Blog RAJA FR\",\n\t            \"isPartOf\": {\n\t                \"@id\": \"https:\/\/www.raja.fr\/blog\/#website\"\n\t            },\n\t            \"primaryImageOfPage\": {\n\t                \"@id\": \"https:\/\/www.raja.fr\/blog\/conseils-brief-creation-packaging#primaryimage\"\n\t            },\n\t            \"image\": {\n\t                \"@id\": \"https:\/\/www.raja.fr\/blog\/conseils-brief-creation-packaging#primaryimage\"\n\t            },\n\t            \"thumbnailUrl\": \"https:\/\/www.raja.fr\/blog\/wp-content\/uploads\/2023\/01\/creation-packaging-conseils-brief-ideal-scaled.jpg\",\n\t            \"datePublished\": \"2023-01-02T09:00:00+00:00\",\n\t            \"dateModified\": \"2026-03-13T11:48:05+00:00\",\n\t            \"author\": {\n\t                \"@id\": \"https:\/\/www.raja.fr\/blog\/#\/schema\/person\/4c4c2c7124498c97abc86ae4cd055d81\"\n\t            },\n\t            \"description\": \"Comment concevoir un brief \u00e0 la fois technique et marketing pour votre packaging ou votre emballage ? Les conseils de l'expert vous guident de A \u00e0 Z\",\n\t            \"inLanguage\": \"fr-FR\",\n\t            \"potentialAction\": [\n\t                {\n\t                    \"@type\": \"ReadAction\",\n\t                    \"target\": [\n\t                        \"https:\/\/www.raja.fr\/blog\/conseils-brief-creation-packaging\"\n\t                    ]\n\t                }\n\t            ]\n\t        },\n\t        {\n\t            \"@type\": \"ImageObject\",\n\t            \"inLanguage\": \"fr-FR\",\n\t            \"@id\": \"https:\/\/www.raja.fr\/blog\/conseils-brief-creation-packaging#primaryimage\",\n\t            \"url\": \"https:\/\/www.raja.fr\/blog\/wp-content\/uploads\/2023\/01\/creation-packaging-conseils-brief-ideal-scaled.jpg\",\n\t            \"contentUrl\": \"https:\/\/www.raja.fr\/blog\/wp-content\/uploads\/2023\/01\/creation-packaging-conseils-brief-ideal-scaled.jpg\",\n\t            \"width\": 2560,\n\t            \"height\": 1698,\n\t            \"caption\": \"Chaosamran_Studio via Getty Images\"\n\t        },\n\t        {\n\t            \"@type\": \"WebSite\",\n\t            \"@id\": \"https:\/\/www.raja.fr\/blog\/#website\",\n\t            \"url\": \"https:\/\/www.raja.fr\/blog\/\",\n\t            \"name\": \"Blog RAJA FR\",\n\t            \"description\": \"Les derni\u00e8res tendances emballage, logististique et E-commerce\",\n\t            \"potentialAction\": [\n\t                {\n\t                    \"@type\": \"SearchAction\",\n\t                    \"target\": {\n\t                        \"@type\": \"EntryPoint\",\n\t                        \"urlTemplate\": \"https:\/\/www.raja.fr\/blog\/?s={search_term_string}\"\n\t                    },\n\t                    \"query-input\": {\n\t                        \"@type\": \"PropertyValueSpecification\",\n\t                        \"valueRequired\": true,\n\t                        \"valueName\": \"search_term_string\"\n\t                    }\n\t                }\n\t            ],\n\t            \"inLanguage\": \"fr-FR\"\n\t        },\n\t        {\n\t            \"@type\": \"Person\",\n\t            \"@id\": \"https:\/\/www.raja.fr\/blog\/#\/schema\/person\/4c4c2c7124498c97abc86ae4cd055d81\",\n\t            \"name\": \"La redaction\",\n\t            \"image\": {\n\t                \"@type\": \"ImageObject\",\n\t                \"inLanguage\": \"fr-FR\",\n\t                \"@id\": \"https:\/\/www.raja.fr\/blog\/#\/schema\/person\/image\/\",\n\t                \"url\": \"https:\/\/secure.gravatar.com\/avatar\/0e6afb82fc836f19d54ef8c2946994a1?s=96&d=mm&r=g\",\n\t                \"contentUrl\": \"https:\/\/secure.gravatar.com\/avatar\/0e6afb82fc836f19d54ef8c2946994a1?s=96&d=mm&r=g\",\n\t                \"caption\": \"La redaction\"\n\t            },\n\t            \"url\": \"https:\/\/www.raja.fr\/blog\/author\/la-redaction\"\n\t        }\n\t    ]\n\t}<\/script>\n","yoast_head_json":{"title":"Cr\u00e9ation packaging : 6 conseils pour un brief id\u00e9al - Blog RAJA FR","description":"Comment concevoir un brief \u00e0 la fois technique et marketing pour votre packaging ou votre emballage ? Les conseils de l'expert vous guident de A \u00e0 Z","robots":{"index":"index","follow":"follow","max-snippet":"max-snippet:-1","max-image-preview":"max-image-preview:large","max-video-preview":"max-video-preview:-1"},"canonical":"https:\/\/www.raja.fr\/blog\/conseils-brief-creation-packaging","og_locale":"fr_FR","og_type":"article","og_title":"Cr\u00e9ation packaging : 6 conseils pour un brief id\u00e9al - Blog RAJA FR","og_description":"Comment concevoir un brief \u00e0 la fois technique et marketing pour votre packaging ou votre emballage ? Les conseils de l'expert vous guident de A \u00e0 Z","og_url":"https:\/\/www.raja.fr\/blog\/conseils-brief-creation-packaging","og_site_name":"Blog RAJA FR","article_published_time":"2023-01-02T09:00:00+00:00","article_modified_time":"2026-03-13T11:48:05+00:00","og_image":[{"width":2560,"height":1698,"url":"https:\/\/www.raja.fr\/blog\/wp-content\/uploads\/2023\/01\/creation-packaging-conseils-brief-ideal-scaled.jpg","type":"image\/jpeg"}],"author":"La redaction","twitter_card":"summary_large_image","twitter_misc":{"\u00c9crit par":"La redaction","Dur\u00e9e de lecture estim\u00e9e":"12 minutes"},"schema":{"@context":"https:\/\/schema.org","@graph":[{"@type":"WebPage","@id":"https:\/\/www.raja.fr\/blog\/conseils-brief-creation-packaging","url":"https:\/\/www.raja.fr\/blog\/conseils-brief-creation-packaging","name":"Cr\u00e9ation packaging : 6 conseils pour un brief id\u00e9al - Blog RAJA FR","isPartOf":{"@id":"https:\/\/www.raja.fr\/blog\/#website"},"primaryImageOfPage":{"@id":"https:\/\/www.raja.fr\/blog\/conseils-brief-creation-packaging#primaryimage"},"image":{"@id":"https:\/\/www.raja.fr\/blog\/conseils-brief-creation-packaging#primaryimage"},"thumbnailUrl":"https:\/\/www.raja.fr\/blog\/wp-content\/uploads\/2023\/01\/creation-packaging-conseils-brief-ideal-scaled.jpg","datePublished":"2023-01-02T09:00:00+00:00","dateModified":"2026-03-13T11:48:05+00:00","author":{"@id":"https:\/\/www.raja.fr\/blog\/#\/schema\/person\/4c4c2c7124498c97abc86ae4cd055d81"},"description":"Comment concevoir un brief \u00e0 la fois technique et marketing pour votre packaging ou votre emballage ? Les conseils de l'expert vous guident de A \u00e0 Z","inLanguage":"fr-FR","potentialAction":[{"@type":"ReadAction","target":["https:\/\/www.raja.fr\/blog\/conseils-brief-creation-packaging"]}]},{"@type":"ImageObject","inLanguage":"fr-FR","@id":"https:\/\/www.raja.fr\/blog\/conseils-brief-creation-packaging#primaryimage","url":"https:\/\/www.raja.fr\/blog\/wp-content\/uploads\/2023\/01\/creation-packaging-conseils-brief-ideal-scaled.jpg","contentUrl":"https:\/\/www.raja.fr\/blog\/wp-content\/uploads\/2023\/01\/creation-packaging-conseils-brief-ideal-scaled.jpg","width":2560,"height":1698,"caption":"Chaosamran_Studio via Getty Images"},{"@type":"WebSite","@id":"https:\/\/www.raja.fr\/blog\/#website","url":"https:\/\/www.raja.fr\/blog\/","name":"Blog RAJA FR","description":"Les derni\u00e8res tendances emballage, logististique et E-commerce","potentialAction":[{"@type":"SearchAction","target":{"@type":"EntryPoint","urlTemplate":"https:\/\/www.raja.fr\/blog\/?s={search_term_string}"},"query-input":{"@type":"PropertyValueSpecification","valueRequired":true,"valueName":"search_term_string"}}],"inLanguage":"fr-FR"},{"@type":"Person","@id":"https:\/\/www.raja.fr\/blog\/#\/schema\/person\/4c4c2c7124498c97abc86ae4cd055d81","name":"La redaction","image":{"@type":"ImageObject","inLanguage":"fr-FR","@id":"https:\/\/www.raja.fr\/blog\/#\/schema\/person\/image\/","url":"https:\/\/secure.gravatar.com\/avatar\/0e6afb82fc836f19d54ef8c2946994a1?s=96&d=mm&r=g","contentUrl":"https:\/\/secure.gravatar.com\/avatar\/0e6afb82fc836f19d54ef8c2946994a1?s=96&d=mm&r=g","caption":"La redaction"},"url":"https:\/\/www.raja.fr\/blog\/author\/la-redaction"}]}},"_links":{"self":[{"href":"https:\/\/www.raja.fr\/blog\/wp-json\/wp\/v2\/posts\/4527"}],"collection":[{"href":"https:\/\/www.raja.fr\/blog\/wp-json\/wp\/v2\/posts"}],"about":[{"href":"https:\/\/www.raja.fr\/blog\/wp-json\/wp\/v2\/types\/post"}],"author":[{"embeddable":true,"href":"https:\/\/www.raja.fr\/blog\/wp-json\/wp\/v2\/users\/9"}],"replies":[{"embeddable":true,"href":"https:\/\/www.raja.fr\/blog\/wp-json\/wp\/v2\/comments?post=4527"}],"version-history":[{"count":5,"href":"https:\/\/www.raja.fr\/blog\/wp-json\/wp\/v2\/posts\/4527\/revisions"}],"predecessor-version":[{"id":12486,"href":"https:\/\/www.raja.fr\/blog\/wp-json\/wp\/v2\/posts\/4527\/revisions\/12486"}],"wp:featuredmedia":[{"embeddable":true,"href":"https:\/\/www.raja.fr\/blog\/wp-json\/wp\/v2\/media\/12485"}],"wp:attachment":[{"href":"https:\/\/www.raja.fr\/blog\/wp-json\/wp\/v2\/media?parent=4527"}],"wp:term":[{"taxonomy":"category","embeddable":true,"href":"https:\/\/www.raja.fr\/blog\/wp-json\/wp\/v2\/categories?post=4527"},{"taxonomy":"post_tag","embeddable":true,"href":"https:\/\/www.raja.fr\/blog\/wp-json\/wp\/v2\/tags?post=4527"}],"curies":[{"name":"wp","href":"https:\/\/api.w.org\/{rel}","templated":true}]}}