{"id":4631,"date":"2021-04-12T00:00:00","date_gmt":"2021-04-11T22:00:00","guid":{"rendered":"https:\/\/www.raja.fr\/blog\/labels-eco-responsables-emballages-recyclables"},"modified":"2025-11-28T14:19:01","modified_gmt":"2025-11-28T13:19:01","slug":"labels-eco-responsables-emballages-recyclables","status":"publish","type":"post","link":"https:\/\/www.raja.fr\/blog\/labels-eco-responsables-emballages-recyclables","title":{"rendered":"Les crit\u00e8res et labels \u00e9co-responsables des emballages recyclables"},"content":{"rendered":"<p>Les emballages recyclables, ou plus globalement \u00e9co-responsables, sont plus que jamais d\u2019actualit\u00e9. L\u2019ann\u00e9e 2020 aura en effet marqu\u00e9 un tournant significatif du point de vue de l\u2019\u00e9cologie : les consommateurs prennent plus que jamais conscience de l\u2019impact de leurs pratiques sur la plan\u00e8te, et les entreprises suivent \u00e9galement.<\/p>\n<p><\/p>\n<p>C\u2019est dans ce cadre qu\u2019il est int\u00e9ressant pour vous, responsable logistique, d\u2019en apprendre plus sur <strong>les crit\u00e8res et labels \u00e9co-responsables \u00e0 apposer sur vos emballages<\/strong>. D\u00e9couvrez-les ici, ainsi que <strong>quelques bonnes pratiques pour vous en servir au mieux dans votre strat\u00e9gie d\u2019emballage<\/strong>.<\/p>\n<p><img loading=\"lazy\" decoding=\"async\" style=\"width: 1000px;margin: 0px auto\" src=\"https:\/\/www.raja.fr\/blog\/wp-content\/uploads\/2022\/05\/labels-emballages-recyclables.jpg\" alt=\"Les labels et crit\u00e8res \u00e0 prendre en compte pour choisir vos emballages recyclables \" width=\"1000\" \/><\/p>\n<h2>Pourquoi vous int\u00e9resser aux crit\u00e8res et labels \u00e9co-responsables d\u2019un emballage<\/h2>\n<p>Les labels et crit\u00e8res d\u2019\u00e9co-responsabilit\u00e9 des emballages ont un r\u00f4le pr\u00e9dominant \u00e0 jouer dans l\u2019exp\u00e9rience que vous proposez \u00e0 vos clients, dans votre image de marque, et pour vos employ\u00e9s. Voici <strong>4 bonnes raisons de vous y int\u00e9resser<\/strong> lorsque vous choisissez des emballages recyclables, <a href=\"\/blog\/emballages-reutilisables\" target=\"_blank\" rel=\"noopener\">r\u00e9utilisables<\/a>, biosourc\u00e9s\u2026 ou plus globalement \u00e9co-responsables.<\/p>\n\n<span class=\"hs-cta-wrapper\" id=\"hs-cta-wrapper-524d79cc-08e8-4c26-9d37-f02ef134193a\">\n <span class=\"hs-cta-node hs-cta-524d79cc-08e8-4c26-9d37-f02ef134193a\"\n id=\"hs-cta-524d79cc-08e8-4c26-9d37-f02ef134193a\"><!--[if lte IE 8]>\n <div id=\"hs-cta-ie-element\"><\/div><![endif]-->\n <a href=\"https:\/\/cta-redirect.hubspot.com\/cta\/redirect\/4002043\/524d79cc-08e8-4c26-9d37-f02ef134193a\">\n <img loading=\"lazy\" decoding=\"async\" class=\"hs-cta-img\" id=\"hs-cta-img-524d79cc-08e8-4c26-9d37-f02ef134193a\" style=\"border-width:0px;\"\n height=\"\" width=\"\"\n src=\"https:\/\/no-cache.hubspot.com\/cta\/default\/4002043\/524d79cc-08e8-4c26-9d37-f02ef134193a.png\"\n alt=\"\"\/>\n <\/a>\n <\/span>\n <script charset=\"utf-8\" src=\"https:\/\/js.hscta.net\/cta\/current.js\"><\/script>\n <script\n            type=\"text\/javascript\"> hbspt.cta.load(4002043, '524d79cc-08e8-4c26-9d37-f02ef134193a', {\n            \"useNewLoader\": \"true\",\n            \"region\": \"na1\"\n        });\n    <\/script>\n<\/span>\n\n<h3>Pour coller aux attentes de vos clients<\/h3>\n<p>Selon <a href=\"https:\/\/www.ifop.com\/publication\/les-francais-et-lenvironnement-vague-1\/\" target=\"_blank\" rel=\"noopener nofollow\">une \u00e9tude IFOP<\/a> datant de f\u00e9vrier 2020, pas moins de 44% des fran\u00e7ais consid\u00e8rent qu\u2019il est de la responsabilit\u00e9 des entreprises d\u2019agir efficacement vis-\u00e0-vis de l\u2019environnement.<\/p>\n<p>Au-del\u00e0 de cette \u00e9tude, il suffit d\u2019aller sur les r\u00e9seaux sociaux pour comprendre les attentes des consommateurs du point de vue environnemental : les publications de plastic bashing, qui d\u00e9noncent l\u2019utilisation de mati\u00e8res non-recyclables, ou encore les posts qui se plaignent d\u2019un sur-emballage des produits re\u00e7us, sont l\u00e9gion.<\/p>\n<p>En somme, les consommateurs (et donc vos clients) font de plus en plus attention \u00e0 l\u2019impact environnemental de leurs pratiques quotidiennes. S\u2019ils souhaitent acheter des produits moins impactants pour la plan\u00e8te, ils veulent \u00e9galement les recevoir dans des emballages qui ne nuiront pas \u00e0 l\u2019environnement.<\/p>\n<p>En ce sens, <strong>vous int\u00e9resser aux crit\u00e8res et labels des emballages recyclables, c\u2019est prendre en compte les attentes de vos clients<\/strong>, et afficher \u00e0 m\u00eame vos emballages que vous partagez leurs convictions.<\/p>\n<h3>Pour diff\u00e9rencier votre marque<\/h3>\n<p>Si vous vous int\u00e9ressez aux probl\u00e9matiques de la <a href=\"\/blog\/emballage-logistique-verte\" target=\"_blank\" rel=\"noopener\">logistique verte<\/a>, vous avez sans doute d\u00e9j\u00e0 vu passer ce chiffre : selon <a href=\"https:\/\/www.twosides.info\/documents\/research\/2020\/packaging\/Les-pr%C3%A9f%C3%A9rences-des-consommateurs-europ%C3%A9ens-en-mati%C3%A8re-demballage-en-2020_FR.pdf\" target=\"_blank\" rel=\"noopener nofollow\">une \u00e9tude Tonula pour Two Sides<\/a> datant de 2020, 44% des consommateurs seraient pr\u00eats \u00e0 d\u00e9penser plus pour un produit emball\u00e9 avec des mat\u00e9riaux durables.<\/p>\n<p>Cons\u00e9quence ? Afficher sur vos emballages des crit\u00e8res ou labels \u00e9co-responsables constitue <strong>un levier significatif de diff\u00e9renciation, d\u2019am\u00e9lioration de votre exp\u00e9rience client<\/strong>. Ces \u00e9l\u00e9ments, au m\u00eame titre qu\u2019une charte graphique bien ficel\u00e9e ou qu\u2019un logo parlant, vous aident \u00e0 mettre en avant votre valeur ajout\u00e9e, et faire rayonner votre marque aux yeux des consommateurs.<\/p>\n<h3>Pour guider vos clients vers des pratiques vertueuses pour l\u2019environnement<\/h3>\n<p><a href=\"https:\/\/www.procarton.com\/wp-content\/uploads\/2018\/10\/Pro-Carton-consumer-study-%E2%80%93-FRA.pdf\" target=\"_blank\" rel=\"noopener nofollow\">Une \u00e9tude ProCarton<\/a> int\u00e9ressante a r\u00e9v\u00e9l\u00e9 r\u00e9cemment que 52% des acheteurs europ\u00e9ens recherchent des produits empaquet\u00e9s dans des emballages \u00e9cologiques. Seulement, il peut sembler difficile pour vos clients de remarquer, face \u00e0 un simple emballage, qu\u2019il respecte r\u00e9ellement la plan\u00e8te.<\/p>\n<p>En effet, si les consommateurs sont sensibles aux emballages recyclables (ou plus globalement \u201cverts\u201d), ils ne savent pas forc\u00e9ment diff\u00e9rencier, en un coup d&rsquo;\u0153il, une mati\u00e8re \u00e9co-responsable d\u2019une mati\u00e8re non-recyclable. L\u2019\u00e9tude cit\u00e9e pr\u00e9c\u00e9demment le prouve : c\u2019est 9% seulement des consommateurs europ\u00e9ens qui consid\u00e8rent que le plastique est une forme d\u2019emballage \u00e9cologique\u2026 alors m\u00eame qu\u2019il existe aujourd\u2019hui bon nombre de plastiques recycl\u00e9s, biosourc\u00e9s, ou recyclables !<\/p>\n<p>Ainsi, inclure les crit\u00e8res et labels \u00e9co-responsables sur vos emballages, c\u2019est <strong>expliquer visuellement, en un clin d&rsquo;\u0153il, \u00e0 vos clients, qu\u2019ils ont bien affaire \u00e0 un emballage \u00e9co-responsable<\/strong>. De m\u00eame, certains logos, vous allez le voir, permettent de guider vos clients en termes de recyclage, en leur indiquant o\u00f9 doivent \u00eatre d\u00e9pos\u00e9s et collect\u00e9s vos emballages, dans la logique du tri s\u00e9lectif.<\/p>\n<h3>Pour aider vos employ\u00e9s \u00e0 appliquer les bonnes pratiques \u00e9co-responsables<\/h3>\n<p>Vous le savez bien : vos employ\u00e9s, et notamment les op\u00e9rateurs travaillant dans votre entrep\u00f4t, ont \u00e9galement besoin d\u2019\u00eatre form\u00e9s aux bonnes pratiques \u00e9co-responsables pour que votre logistique soit le reflet de vos convictions environnementales.<\/p>\n<p>En ce sens, vous pencher sur les crit\u00e8res et labels des emballages \u00e9co-responsables, c\u2019est <strong>donner l\u2019opportunit\u00e9 \u00e0 vos collaborateurs de comprendre et appliquer le tri s\u00e9lectif \u00e0 la lettre<\/strong>. Un emballage est ab\u00eem\u00e9 pendant la phase d\u2019emballage ? Votre op\u00e9rateur sait automatiquement, gr\u00e2ce aux logos appos\u00e9s dessus, o\u00f9 il doit \u00eatre recycl\u00e9.<\/p>\n<h2>Les crit\u00e8res et labels des emballages recyclables \u00e0 conna\u00eetre<\/h2>\n<p>Le saviez-vous ? La boucle de M\u00f6bius, qui indique qu\u2019un emballage est recyclable, est le logo le plus reconnu en Europe (par 86% des personnes interrog\u00e9es par <a href=\"https:\/\/www.twosides.info\/documents\/research\/2020\/packaging\/Les-pr%C3%A9f%C3%A9rences-des-consommateurs-europ%C3%A9ens-en-mati%C3%A8re-demballage-en-2020_FR.pdf\" target=\"_blank\" rel=\"noopener nofollow\">l\u2019\u00e9tude Tonula pour Two Sides<\/a>. Il est \u00e9galement consid\u00e9r\u00e9 comme le marquage le plus important pour les consommateurs.<\/p>\n<p>Seulement, en tant que responsable de vos emballages, il est important que vous sachiez que <strong>cette fameuse boucle peut repr\u00e9senter plusieurs labels<\/strong> :<\/p>\n<p><img loading=\"lazy\" decoding=\"async\" style=\"width: 80px;float: left;margin: 0px 10px 10px 0px\" src=\"https:\/\/www.raja.fr\/blog\/wp-content\/uploads\/2022\/05\/label-recyclage.png\" alt=\"label-recyclage\" width=\"80\" \/> Ce logo indique aux consommateurs que l\u2019emballage peut \u00eatre d\u00e9pos\u00e9 dans une poubelle jaune, partout en France.<\/p>\n<p>&nbsp;<\/p>\n<p><img loading=\"lazy\" decoding=\"async\" style=\"width: 80px;float: left;margin: 0px 10px 10px 0px\" src=\"https:\/\/www.raja.fr\/blog\/wp-content\/uploads\/2022\/05\/label-recyclable.png\" alt=\"label-recyclable\" width=\"80\" \/>Lorsqu\u2019on lui ajoute un chiffre en pourcentage, la boucle de M\u00f6bius indique que le produit est fabriqu\u00e9 \u00e0 partir de mat\u00e9riaux recycl\u00e9s, et combien de mat\u00e9riaux recycl\u00e9s sont pr\u00e9sents dedans.<\/p>\n<p>&nbsp;<\/p>\n<p><img loading=\"lazy\" decoding=\"async\" style=\"width: 80px;float: left;margin: 0px 10px 10px 0px\" src=\"https:\/\/www.raja.fr\/blog\/wp-content\/uploads\/2022\/05\/label-resy.png\" alt=\"label-resy\" width=\"80\" \/><\/p>\n<p>Ce symbole \u201cRESY\u201d concerne les produits en carton recyclable, et est issu d\u2019un organisme allemand.<\/p>\n<h2>Les autres crit\u00e8res et labels \u00e9co-responsables \u00e0 d\u00e9couvrir<\/h2>\n<p>Au-del\u00e0 de la c\u00e9l\u00e8bre boucle de M\u00f6bius, d\u2019autres logos et sigles peuvent aider vos clients \u00e0 rep\u00e9rer que vos emballages sont \u00e9co-responsables.<\/p>\n<p>C\u2019est le cas de ceux qui font cas d\u2019<strong>une \u00e9co-conception de l\u2019emballage<\/strong> :<\/p>\n<p><img loading=\"lazy\" decoding=\"async\" style=\"width: 80px;float: left;margin: 0px 10px 10px 0px\" src=\"https:\/\/www.raja.fr\/blog\/wp-content\/uploads\/2022\/05\/ecolabel.png\" alt=\"ecolabel\" width=\"80\" \/><strong>Le sigle \u201cEcolabel EU\u201d<\/strong> atteste que le produit dans sa globalit\u00e9 a un moindre impact sur l\u2019environnement, depuis sa production jusqu\u2019\u00e0 sa fin de vie.<\/p>\n<p>&nbsp;<\/p>\n<p><img loading=\"lazy\" decoding=\"async\" style=\"width: 80px;float: left;margin: 0px 10px 10px 0px\" src=\"https:\/\/www.raja.fr\/blog\/wp-content\/uploads\/2022\/05\/nf-environnement.png\" alt=\"nf-environnement\" width=\"80\" \/><strong>Le sigle \u201cNF Environnement\u201d<\/strong> est tir\u00e9 d\u2019un \u00e9colabel fran\u00e7ais, qui certifie que le produit pr\u00e9sente un impact moindre sur l\u2019environnement, avec une aptitude \u00e0 l\u2019usage au moins \u00e9quivalente \u00e0 celle d\u2019autres produits similaires. On le retrouve sur les produits destin\u00e9s aux consommateurs, et sur les produits interm\u00e9diaires.<\/p>\n<p>D\u2019autres sigles, encore moins connus, peuvent vous aider \u00e0 choisir des emballages \u00e9co-responsables :<\/p>\n<p><img loading=\"lazy\" decoding=\"async\" style=\"width: 80px;float: left;margin: 0px 10px 10px 0px\" src=\"https:\/\/www.raja.fr\/blog\/wp-content\/uploads\/2022\/05\/label-fsc.png\" alt=\"label-fsc\" width=\"80\" \/><strong>Le logo Forest Stewardship Council (FSC)<\/strong> signale que le produit est con\u00e7u \u00e0 base de produits issus d\u2019une gestion responsable des for\u00eats selon 3 crit\u00e8res de durabilit\u00e9 : social, \u00e9cologique et \u00e9conomique.<\/p>\n<p>&nbsp;<\/p>\n<p><img loading=\"lazy\" decoding=\"async\" style=\"width: 114px;float: left;margin: 0px 10px 10px 0px\" src=\"https:\/\/www.raja.fr\/blog\/wp-content\/uploads\/2022\/05\/label-ok-compost-home.png\" alt=\"label-ok-compost-home\" width=\"114\" \/><strong>Le label OK compost Home<\/strong> signale que le produit peut \u00eatre compost\u00e9 par les consommateurs chez eux.<\/p>\n<p>&nbsp;<\/p>\n<p><img loading=\"lazy\" decoding=\"async\" style=\"width: 80px;float: left;margin: 0px 10px 10px 0px\" src=\"https:\/\/www.raja.fr\/blog\/wp-content\/uploads\/2022\/05\/label-alu.png\" alt=\"label-alu\" width=\"80\" \/>Ce sigle signale que le produit contient de <strong>l\u2019aluminium recyclable<\/strong>.<\/p>\n<p>&nbsp;<\/p>\n<p><img loading=\"lazy\" decoding=\"async\" style=\"width: 80px;float: left;margin: 0px 10px 10px 0px\" src=\"https:\/\/www.raja.fr\/blog\/wp-content\/uploads\/2022\/05\/label-bioplastique.png\" alt=\"label-bioplastique\" width=\"80\" \/><\/p>\n<p>Ce sigle indique que <strong>le produit est fait \u00e0 partir de bioplastiques<\/strong>, compostables uniquement de mani\u00e8re industrielle.<\/p>\n<h2>Les conseils pour tirer parti de ces labels et sigles dans votre strat\u00e9gie d\u2019emballage<\/h2>\n<p>Vous connaissez d\u00e9sormais les grands logos, crit\u00e8res et sigles que vous pourrez rencontrer sur vos emballages recyclables ou, plus globalement, \u00e9co-responsables. Seulement, choisir des emballages \u201cverts\u201d ne suffit pas : il s\u2019agit \u00e9galement d\u2019appliquer <strong>les bonnes pratiques en la mati\u00e8re pour viser des pratiques logistiques vraiment vertueuses pour la plan\u00e8te<\/strong>.<\/p>\n<h3>Mettre en valeur les sigles sur l\u2019emballage<\/h3>\n<p>Ceux-ci doivent \u00eatre visibles sur votre emballage lors de <a href=\"\/blog\/unboxing-packaging-e-commerce\" target=\"_blank\" rel=\"noopener\">l\u2019unboxing de vos produits<\/a> (le d\u00e9ballage) par vos clients. En effet, <strong>un logo apparaissant sur une tranche peu consult\u00e9e, ou en trop petit, risque de manquer son objectif premier : communiquer sur la recyclabilit\u00e9 de l\u2019emballage<\/strong>.<\/p>\n<h3>Choisir \u00e9galement un calage \u00e0 l\u2019impact environnemental limit\u00e9<\/h3>\n<p>Choisir des emballages \u00e9co-responsables, c\u2019est bien ; mais veiller \u00e0 limiter l\u2019impact environnemental de ses mat\u00e9riaux de calage \u00e9galement, c\u2019est encore mieux !<\/p>\n<p>A l\u2019heure actuelle, il existe <strong>de nombreuses alternatives au (peu \u00e9co-responsable) papier bulle<\/strong>, qui prot\u00e8gent et calent tout aussi bien vos produits dans vos emballages. Pensez notamment\u2026<\/p>\n<ul>\n<li><a href=\"https:\/\/www.raja.fr\/calage-protection\/particule-de-calage\/particules-de-calage-flo-pak\/particulaire-de-calage-flo-pak-natural_PDT02222.html\" target=\"_blank\" rel=\"noopener\"><strong>Aux particules de calage en amidon de ma\u00efs<\/strong><\/a>, biod\u00e9gradables<\/li>\n<li><a href=\"https:\/\/www.raja.fr\/calage-protection\/papiers-emballage\/papier-kraft\/rouleau-de-papier-kraft-naturel-rajakraft-qualite-standard-70-gm2_PDT01638.html\" target=\"_blank\" rel=\"noopener\"><strong>Au papier kraft recyclable<\/strong><\/a>, ou fait \u00e0 partir de carton recycl\u00e9 : deux mati\u00e8res que les consommateurs savent plus respectueuses de l\u2019environnement que le plastique<\/li>\n<li><a href=\"https:\/\/www.raja.fr\/calage-protection\/papiers-emballage\/papier-kraft\/fibre-naturelle-de-calage-brun-sizzlepak_PDT01503.html\" target=\"_blank\" rel=\"noopener\"><strong>A la frisure de papier recyclable<\/strong><\/a>, qui annonce la couleur de votre engagement pour la plan\u00e8te d\u00e8s l\u2019ouverture de vos colis<\/li>\n<li><a href=\"https:\/\/www.raja.fr\/emballages-boutiques\/papiers-cadeau-et-derouleurs\/papiers-de-soie\/papier-de-soie-couleur-en-rame_OFF_FR_008.html\" target=\"_blank\" rel=\"noopener\"><strong>Au papier de soie<\/strong><\/a>, tr\u00e8s pratique pour un joli calage des vos produits, et personnalisable \u00e0 l\u2019envi<\/li>\n<\/ul>\n<h3>Communiquer largement sur vos pratiques \u00e9co-responsables<\/h3>\n<p>Si l\u2019emballage est un lieu-cl\u00e9 pour communiquer sur vos engagements envers la protection de la plan\u00e8te, n&rsquo;h\u00e9sitez pas non plus \u00e0 <strong>d\u00e9multiplier les messages \u00e0 ce sujet sur vos autres supports de communication<\/strong>.<\/p>\n<p>Flyers, signatures d\u2019emails, affiches, banni\u00e8res web\u2026 tout m\u00e9dia de communication avec vos clients ou partenaires m\u00e9rite qu\u2019y apparaissent vos engagements \u00e9co-responsables. D\u2019ailleurs, si vous \u00eates e-commer\u00e7ant, vous pouvez d\u00e9dier une page enti\u00e8re de votre site web, int\u00e9gr\u00e9e \u00e0 votre pied-de-page, pour expliquer vos d\u00e9marches RSE (y compris le fait que vous utilisiez des emballages recyclables).<\/p>\n<h3>Aller plus loin que le simple emballage pour votre image \u00e9co-responsable<\/h3>\n<p>Le choix d\u2019emballages recyclables, biosourc\u00e9s et autres est certes l\u2019un des moyens les plus simples de tendre vers une logistique \u00e9co-responsable.<\/p>\n<p>Cependant, vous pouvez aller plus loin encore dans vos pratiques orient\u00e9es \u00e9cologie :<\/p>\n<ul>\n<li><strong>R\u00e9duisez le poids-volume de vos emballages<\/strong>, pour r\u00e9duire le vide dans vos emballages et donc vos \u00e9missions carbone. Pour ce faire, prenez le temps de trouver l\u2019emballage adapt\u00e9, au plus proche de vos produits ou marchandises.<\/li>\n<li><strong>Tentez le passage en bo\u00eete aux lettres d\u00e8s la premi\u00e8re livraison<\/strong>, gr\u00e2ce \u00e0 <a href=\"\/blog\/emballages-postaux\" target=\"_blank\" rel=\"noopener\">des emballages postaux<\/a>, pour r\u00e9duire le nombre de tourn\u00e9es de livraison et donc vos \u00e9missions carbone in fine.<\/li>\n<li><strong>Envisagez des m\u00e9thodes de livraison moins impactantes pour l\u2019environnement<\/strong> : livraison \u00e9cologique du dernier kilom\u00e8tre, logistique urbaine verte via des transporteurs \u00e0 v\u00e9lo ou en camions hybrides\u2026<\/li>\n<\/ul>\n<p>Les leviers d\u2019\u00e9co-responsabilit\u00e9 logistique sont divers et vari\u00e9s : \u00e0 vous de trouver ceux qui soigneront encore plus votre exp\u00e9rience client !<\/p>\n<h3>Bien s\u00e9lectionner votre prestataire d\u2019emballages<\/h3>\n<p>Enfin, prenez le temps de choisir un prestataire d\u2019emballages inscrit lui-m\u00eame dans une d\u00e9marche de d\u00e9veloppement durable. Ses produits doivent pouvoir r\u00e9pondre \u00e0 l\u2019un des crit\u00e8res suivants :<\/p>\n<ul>\n<li>L\u2019\u00e9co-conception<\/li>\n<li>Les produits issus de ressources renouvelables<\/li>\n<li>La r\u00e9duction des d\u00e9chets, de mati\u00e8res premi\u00e8res ou d\u2019\u00e9nergie<\/li>\n<li>La collecte s\u00e9lective et la valorisation des d\u00e9chets<\/li>\n<\/ul>\n<p>Surveillez \u00e9galement les pratiques de ce prestataire : propose-t-il des modes de livraison orient\u00e9s \u00e9cologie ? S\u2019engage-t-il, au-del\u00e0 de ses produits, dans une logique d\u2019\u00e9conomie circulaire ? <a href=\"\/blog\/logistique-developpement-durable-raja\" target=\"_blank\" rel=\"noopener\">D\u00e9couvrez ce que fait RAJA pour vous accompagner dans vos probl\u00e9matiques de d\u00e9veloppement durable<\/a> !<\/p>\n\n<span class=\"hs-cta-wrapper\" id=\"hs-cta-wrapper-10e62ebd-9a6b-4733-9436-2f93d474a712\">\n <span class=\"hs-cta-node hs-cta-10e62ebd-9a6b-4733-9436-2f93d474a712\"\n id=\"hs-cta-10e62ebd-9a6b-4733-9436-2f93d474a712\"><!--[if lte IE 8]>\n <div id=\"hs-cta-ie-element\"><\/div><![endif]-->\n <a href=\"https:\/\/cta-redirect.hubspot.com\/cta\/redirect\/4002043\/10e62ebd-9a6b-4733-9436-2f93d474a712\">\n <img loading=\"lazy\" decoding=\"async\" class=\"hs-cta-img\" id=\"hs-cta-img-10e62ebd-9a6b-4733-9436-2f93d474a712\" style=\"border-width:0px;\"\n height=\"\" width=\"\"\n src=\"https:\/\/no-cache.hubspot.com\/cta\/default\/4002043\/10e62ebd-9a6b-4733-9436-2f93d474a712.png\"\n alt=\"\"\/>\n <\/a>\n <\/span>\n <script charset=\"utf-8\" src=\"https:\/\/js.hscta.net\/cta\/current.js\"><\/script>\n <script\n            type=\"text\/javascript\"> hbspt.cta.load(4002043, '10e62ebd-9a6b-4733-9436-2f93d474a712', {\n            \"useNewLoader\": \"true\",\n            \"region\": \"na1\"\n        });\n    <\/script>\n<\/span>\n\n","protected":false},"excerpt":{"rendered":"<p>Les emballages recyclables, ou plus globalement \u00e9co-responsables, sont plus que jamais d\u2019actualit\u00e9. L\u2019ann\u00e9e 2020 aura en effet marqu\u00e9 un tournant significatif du point de vue de l\u2019\u00e9cologie : les consommateurs [&#8230;]<\/p>\n","protected":false},"author":9,"featured_media":2243,"comment_status":"open","ping_status":"open","sticky":false,"template":"","format":"standard","meta":{"_acf_changed":false,"content-type":"","footnotes":""},"categories":[41,75],"tags":[36,11],"class_list":["post-4631","post","type-post","status-publish","format-standard","has-post-thumbnail","hentry","category-eco-responsabilite-environnement","category-emballage-expeditions","tag-eco-responsabilite","tag-emballages"],"acf":[],"yoast_head":"\n<title>Les crit\u00e8res et labels \u00e9co-responsables des emballages recyclables - Blog RAJA FR<\/title>\n<meta name=\"description\" content=\"Les crit\u00e8res et labels des emballages recyclables, et plus g\u00e9n\u00e9ralement, \u00e9co-responsables, \u00e0 utiliser dans votre strat\u00e9gie d&#039;emballage\" \/>\n<meta name=\"robots\" content=\"index, follow, max-snippet:-1, max-image-preview:large, max-video-preview:-1\" \/>\n<link rel=\"canonical\" href=\"https:\/\/www.raja.fr\/blog\/labels-eco-responsables-emballages-recyclables\" \/>\n<meta property=\"og:locale\" content=\"fr_FR\" \/>\n<meta property=\"og:type\" content=\"article\" \/>\n<meta property=\"og:title\" content=\"Les crit\u00e8res et labels \u00e9co-responsables des emballages recyclables - Blog RAJA FR\" \/>\n<meta property=\"og:description\" content=\"Les crit\u00e8res et labels des emballages recyclables, et plus g\u00e9n\u00e9ralement, \u00e9co-responsables, \u00e0 utiliser dans votre strat\u00e9gie d&#039;emballage\" \/>\n<meta property=\"og:url\" content=\"https:\/\/www.raja.fr\/blog\/labels-eco-responsables-emballages-recyclables\" \/>\n<meta property=\"og:site_name\" content=\"Blog RAJA FR\" \/>\n<meta property=\"article:published_time\" content=\"2021-04-11T22:00:00+00:00\" \/>\n<meta property=\"article:modified_time\" content=\"2025-11-28T13:19:01+00:00\" \/>\n<meta property=\"og:image\" content=\"https:\/\/www.raja.fr\/blog\/wp-content\/uploads\/2022\/05\/labels-emballages-recyclables.jpg\" \/>\n\t<meta property=\"og:image:width\" content=\"1260\" \/>\n\t<meta property=\"og:image:height\" content=\"641\" \/>\n\t<meta property=\"og:image:type\" content=\"image\/jpeg\" \/>\n<meta name=\"author\" content=\"La redaction\" \/>\n<meta name=\"twitter:card\" content=\"summary_large_image\" \/>\n<meta name=\"twitter:label1\" content=\"\u00c9crit par\" \/>\n\t<meta name=\"twitter:data1\" content=\"La redaction\" \/>\n\t<meta name=\"twitter:label2\" content=\"Dur\u00e9e de lecture estim\u00e9e\" \/>\n\t<meta name=\"twitter:data2\" content=\"11 minutes\" \/>\n<script type=\"application\/ld+json\" class=\"yoast-schema-graph\">{\n\t    \"@context\": \"https:\/\/schema.org\",\n\t    \"@graph\": [\n\t        {\n\t            \"@type\": \"WebPage\",\n\t            \"@id\": \"https:\/\/www.raja.fr\/blog\/labels-eco-responsables-emballages-recyclables\",\n\t            \"url\": \"https:\/\/www.raja.fr\/blog\/labels-eco-responsables-emballages-recyclables\",\n\t            \"name\": \"Les crit\u00e8res et labels \u00e9co-responsables des emballages recyclables - Blog RAJA FR\",\n\t            \"isPartOf\": {\n\t                \"@id\": \"https:\/\/www.raja.fr\/blog\/#website\"\n\t            },\n\t            \"primaryImageOfPage\": {\n\t                \"@id\": \"https:\/\/www.raja.fr\/blog\/labels-eco-responsables-emballages-recyclables#primaryimage\"\n\t            },\n\t            \"image\": {\n\t                \"@id\": \"https:\/\/www.raja.fr\/blog\/labels-eco-responsables-emballages-recyclables#primaryimage\"\n\t            },\n\t            \"thumbnailUrl\": \"https:\/\/www.raja.fr\/blog\/wp-content\/uploads\/2022\/05\/labels-emballages-recyclables.jpg\",\n\t            \"datePublished\": \"2021-04-11T22:00:00+00:00\",\n\t            \"dateModified\": \"2025-11-28T13:19:01+00:00\",\n\t            \"author\": {\n\t                \"@id\": \"https:\/\/www.raja.fr\/blog\/#\/schema\/person\/4c4c2c7124498c97abc86ae4cd055d81\"\n\t            },\n\t            \"description\": \"Les crit\u00e8res et labels des emballages recyclables, et plus g\u00e9n\u00e9ralement, \u00e9co-responsables, \u00e0 utiliser dans votre strat\u00e9gie d'emballage\",\n\t            \"inLanguage\": \"fr-FR\",\n\t            \"potentialAction\": [\n\t                {\n\t                    \"@type\": \"ReadAction\",\n\t                    \"target\": [\n\t                        \"https:\/\/www.raja.fr\/blog\/labels-eco-responsables-emballages-recyclables\"\n\t                    ]\n\t                }\n\t            ]\n\t        },\n\t        {\n\t            \"@type\": \"ImageObject\",\n\t            \"inLanguage\": \"fr-FR\",\n\t            \"@id\": \"https:\/\/www.raja.fr\/blog\/labels-eco-responsables-emballages-recyclables#primaryimage\",\n\t            \"url\": \"https:\/\/www.raja.fr\/blog\/wp-content\/uploads\/2022\/05\/labels-emballages-recyclables.jpg\",\n\t            \"contentUrl\": \"https:\/\/www.raja.fr\/blog\/wp-content\/uploads\/2022\/05\/labels-emballages-recyclables.jpg\",\n\t            \"width\": 1260,\n\t            \"height\": 641,\n\t            \"caption\": \"Les crit\u00e8res et labels des emballages recyclables, et plus g\u00e9n\u00e9ralement, \u00e9co-responsables, \u00e0 utiliser dans votre strat\u00e9gie d'emballage\"\n\t        },\n\t        {\n\t            \"@type\": \"WebSite\",\n\t            \"@id\": \"https:\/\/www.raja.fr\/blog\/#website\",\n\t            \"url\": \"https:\/\/www.raja.fr\/blog\/\",\n\t            \"name\": \"Blog RAJA FR\",\n\t            \"description\": \"Les derni\u00e8res tendances emballage, logististique et E-commerce\",\n\t            \"potentialAction\": [\n\t                {\n\t                    \"@type\": \"SearchAction\",\n\t                    \"target\": {\n\t                        \"@type\": \"EntryPoint\",\n\t                        \"urlTemplate\": \"https:\/\/www.raja.fr\/blog\/?s={search_term_string}\"\n\t                    },\n\t                    \"query-input\": {\n\t                        \"@type\": \"PropertyValueSpecification\",\n\t                        \"valueRequired\": true,\n\t                        \"valueName\": \"search_term_string\"\n\t                    }\n\t                }\n\t            ],\n\t            \"inLanguage\": \"fr-FR\"\n\t        },\n\t        {\n\t            \"@type\": \"Person\",\n\t            \"@id\": \"https:\/\/www.raja.fr\/blog\/#\/schema\/person\/4c4c2c7124498c97abc86ae4cd055d81\",\n\t            \"name\": \"La redaction\",\n\t            \"image\": {\n\t                \"@type\": \"ImageObject\",\n\t                \"inLanguage\": \"fr-FR\",\n\t                \"@id\": \"https:\/\/www.raja.fr\/blog\/#\/schema\/person\/image\/\",\n\t                \"url\": \"https:\/\/secure.gravatar.com\/avatar\/0e6afb82fc836f19d54ef8c2946994a1?s=96&d=mm&r=g\",\n\t                \"contentUrl\": \"https:\/\/secure.gravatar.com\/avatar\/0e6afb82fc836f19d54ef8c2946994a1?s=96&d=mm&r=g\",\n\t                \"caption\": \"La redaction\"\n\t            },\n\t            \"url\": \"https:\/\/www.raja.fr\/blog\/author\/la-redaction\"\n\t        }\n\t    ]\n\t}<\/script>\n","yoast_head_json":{"title":"Les crit\u00e8res et labels \u00e9co-responsables des emballages recyclables - Blog RAJA FR","description":"Les crit\u00e8res et labels des emballages recyclables, et plus g\u00e9n\u00e9ralement, \u00e9co-responsables, \u00e0 utiliser dans votre strat\u00e9gie d'emballage","robots":{"index":"index","follow":"follow","max-snippet":"max-snippet:-1","max-image-preview":"max-image-preview:large","max-video-preview":"max-video-preview:-1"},"canonical":"https:\/\/www.raja.fr\/blog\/labels-eco-responsables-emballages-recyclables","og_locale":"fr_FR","og_type":"article","og_title":"Les crit\u00e8res et labels \u00e9co-responsables des emballages recyclables - Blog RAJA FR","og_description":"Les crit\u00e8res et labels des emballages recyclables, et plus g\u00e9n\u00e9ralement, \u00e9co-responsables, \u00e0 utiliser dans votre strat\u00e9gie d'emballage","og_url":"https:\/\/www.raja.fr\/blog\/labels-eco-responsables-emballages-recyclables","og_site_name":"Blog RAJA FR","article_published_time":"2021-04-11T22:00:00+00:00","article_modified_time":"2025-11-28T13:19:01+00:00","og_image":[{"width":1260,"height":641,"url":"https:\/\/www.raja.fr\/blog\/wp-content\/uploads\/2022\/05\/labels-emballages-recyclables.jpg","type":"image\/jpeg"}],"author":"La redaction","twitter_card":"summary_large_image","twitter_misc":{"\u00c9crit par":"La redaction","Dur\u00e9e de lecture estim\u00e9e":"11 minutes"},"schema":{"@context":"https:\/\/schema.org","@graph":[{"@type":"WebPage","@id":"https:\/\/www.raja.fr\/blog\/labels-eco-responsables-emballages-recyclables","url":"https:\/\/www.raja.fr\/blog\/labels-eco-responsables-emballages-recyclables","name":"Les crit\u00e8res et labels \u00e9co-responsables des emballages recyclables - Blog RAJA FR","isPartOf":{"@id":"https:\/\/www.raja.fr\/blog\/#website"},"primaryImageOfPage":{"@id":"https:\/\/www.raja.fr\/blog\/labels-eco-responsables-emballages-recyclables#primaryimage"},"image":{"@id":"https:\/\/www.raja.fr\/blog\/labels-eco-responsables-emballages-recyclables#primaryimage"},"thumbnailUrl":"https:\/\/www.raja.fr\/blog\/wp-content\/uploads\/2022\/05\/labels-emballages-recyclables.jpg","datePublished":"2021-04-11T22:00:00+00:00","dateModified":"2025-11-28T13:19:01+00:00","author":{"@id":"https:\/\/www.raja.fr\/blog\/#\/schema\/person\/4c4c2c7124498c97abc86ae4cd055d81"},"description":"Les crit\u00e8res et labels des emballages recyclables, et plus g\u00e9n\u00e9ralement, \u00e9co-responsables, \u00e0 utiliser dans votre strat\u00e9gie d'emballage","inLanguage":"fr-FR","potentialAction":[{"@type":"ReadAction","target":["https:\/\/www.raja.fr\/blog\/labels-eco-responsables-emballages-recyclables"]}]},{"@type":"ImageObject","inLanguage":"fr-FR","@id":"https:\/\/www.raja.fr\/blog\/labels-eco-responsables-emballages-recyclables#primaryimage","url":"https:\/\/www.raja.fr\/blog\/wp-content\/uploads\/2022\/05\/labels-emballages-recyclables.jpg","contentUrl":"https:\/\/www.raja.fr\/blog\/wp-content\/uploads\/2022\/05\/labels-emballages-recyclables.jpg","width":1260,"height":641,"caption":"Les crit\u00e8res et labels des emballages recyclables, et plus g\u00e9n\u00e9ralement, \u00e9co-responsables, \u00e0 utiliser dans votre strat\u00e9gie d'emballage"},{"@type":"WebSite","@id":"https:\/\/www.raja.fr\/blog\/#website","url":"https:\/\/www.raja.fr\/blog\/","name":"Blog RAJA FR","description":"Les derni\u00e8res tendances emballage, logististique et E-commerce","potentialAction":[{"@type":"SearchAction","target":{"@type":"EntryPoint","urlTemplate":"https:\/\/www.raja.fr\/blog\/?s={search_term_string}"},"query-input":{"@type":"PropertyValueSpecification","valueRequired":true,"valueName":"search_term_string"}}],"inLanguage":"fr-FR"},{"@type":"Person","@id":"https:\/\/www.raja.fr\/blog\/#\/schema\/person\/4c4c2c7124498c97abc86ae4cd055d81","name":"La redaction","image":{"@type":"ImageObject","inLanguage":"fr-FR","@id":"https:\/\/www.raja.fr\/blog\/#\/schema\/person\/image\/","url":"https:\/\/secure.gravatar.com\/avatar\/0e6afb82fc836f19d54ef8c2946994a1?s=96&d=mm&r=g","contentUrl":"https:\/\/secure.gravatar.com\/avatar\/0e6afb82fc836f19d54ef8c2946994a1?s=96&d=mm&r=g","caption":"La redaction"},"url":"https:\/\/www.raja.fr\/blog\/author\/la-redaction"}]}},"_links":{"self":[{"href":"https:\/\/www.raja.fr\/blog\/wp-json\/wp\/v2\/posts\/4631"}],"collection":[{"href":"https:\/\/www.raja.fr\/blog\/wp-json\/wp\/v2\/posts"}],"about":[{"href":"https:\/\/www.raja.fr\/blog\/wp-json\/wp\/v2\/types\/post"}],"author":[{"embeddable":true,"href":"https:\/\/www.raja.fr\/blog\/wp-json\/wp\/v2\/users\/9"}],"replies":[{"embeddable":true,"href":"https:\/\/www.raja.fr\/blog\/wp-json\/wp\/v2\/comments?post=4631"}],"version-history":[{"count":2,"href":"https:\/\/www.raja.fr\/blog\/wp-json\/wp\/v2\/posts\/4631\/revisions"}],"predecessor-version":[{"id":11284,"href":"https:\/\/www.raja.fr\/blog\/wp-json\/wp\/v2\/posts\/4631\/revisions\/11284"}],"wp:featuredmedia":[{"embeddable":true,"href":"https:\/\/www.raja.fr\/blog\/wp-json\/wp\/v2\/media\/2243"}],"wp:attachment":[{"href":"https:\/\/www.raja.fr\/blog\/wp-json\/wp\/v2\/media?parent=4631"}],"wp:term":[{"taxonomy":"category","embeddable":true,"href":"https:\/\/www.raja.fr\/blog\/wp-json\/wp\/v2\/categories?post=4631"},{"taxonomy":"post_tag","embeddable":true,"href":"https:\/\/www.raja.fr\/blog\/wp-json\/wp\/v2\/tags?post=4631"}],"curies":[{"name":"wp","href":"https:\/\/api.w.org\/{rel}","templated":true}]}}