{"id":5379,"date":"2022-09-19T08:43:23","date_gmt":"2022-09-19T06:43:23","guid":{"rendered":"https:\/\/www.raja.fr\/blog\/?p=5379"},"modified":"2025-08-13T14:34:43","modified_gmt":"2025-08-13T12:34:43","slug":"rse-logistique","status":"publish","type":"post","link":"https:\/\/www.raja.fr\/blog\/rse-logistique","title":{"rendered":"C\u2019est quoi, la RSE ? Quel est le r\u00f4le de la logistique dans cette d\u00e9marche ?"},"content":{"rendered":"<p>Parmi les acronymes qui agitent le monde de l\u2019entreprise, celui de \u201cRSE\u201d tient une place importante depuis plusieurs ann\u00e9es d\u00e9j\u00e0. Derri\u00e8re ces trois lettres se trouve un concept simple : celui de limiter l\u2019impact n\u00e9gatif d\u2019une entreprise sur les humains et l\u2019environnement, tout en assurant sa comp\u00e9titivit\u00e9.<\/p>\n<p>Faites le point sur la notion de RSE gr\u00e2ce \u00e0 cet article, et <strong>commencez \u00e0 mener une r\u00e9flexion sur la mani\u00e8re d\u2019articuler RSE et logistique<\/strong>.<\/p>\n<h2>Qu\u2019est-ce que la RSE ?<\/h2>\n<p>L\u2019acronyme RSE signifie \u201c<strong>Responsabilit\u00e9 Soci\u00e9tale des Entreprises<\/strong>\u201d, parfois \u00e9galement appel\u00e9e \u201c<strong>Responsabilit\u00e9 Sociale des Entreprises<\/strong>\u201d.<\/p>\n<p>C\u2019est l\u2019Union Europ\u00e9enne qui, la premi\u00e8re, d\u00e9finit ce concept en 2011, dans sa troisi\u00e8me Communication sur la RSE. La d\u00e9finition est la suivante : \u201cl\u2019int\u00e9gration volontaire par les entreprises de pr\u00e9occupations sociales et environnementales \u00e0 leurs activit\u00e9s commerciales et leurs relations avec les parties prenantes\u201d.<\/p>\n<p>En somme, on peut d\u00e9finir la RSE comme<strong> l\u2019ensemble des d\u00e9marches qui permettent \u00e0 une entreprise de contribuer au d\u00e9veloppement durable<\/strong>, et d\u2019avoir un impact positif sur la soci\u00e9t\u00e9.<\/p>\n<p>La mise en place de la RSE en logistique vise principalement \u00e0 se fixer et atteindre des objectifs de d\u00e9veloppement durable.<\/p>\n<h2>Que dit la loi sur la RSE ?<\/h2>\n<p>La RSE est un concept int\u00e9gr\u00e9 \u00e0 la loi fran\u00e7aise.<\/p>\n<p>On la retrouve dans\u2026<\/p>\n<ul>\n<li><a href=\"https:\/\/www.legifrance.gouv.fr\/affichCodeArticle.do?idArticle=LEGIARTI000006444056&amp;cidTexte=LEGITEXT000006070721\" target=\"_blank\" rel=\"noopener\"><strong>L\u2019article 1833 du Code Civil<\/strong><\/a>, o\u00f9 il est mentionn\u00e9 que l&rsquo;objet social de toutes les entreprises int\u00e8gre d\u00e9sormais la consid\u00e9ration des enjeux sociaux et environnementaux pour prendre en compte l&rsquo;impact environnemental de leur activit\u00e9.<\/li>\n<li><a href=\"https:\/\/www.legifrance.gouv.fr\/affichCodeArticle.do?idArticle=LEGIARTI000006444059&amp;cidTexte=LEGITEXT000006070721\" target=\"_blank\" rel=\"noopener\"><strong>L\u2019article 1835 du Code Civil<\/strong><\/a>, qui stipule que les entreprises qui le veulent peuvent se doter d\u2019une raison d\u2019\u00eatre, en phase avec leur politique RSE<\/li>\n<\/ul>\n<h2>Quels sont les piliers de la RSE ?<\/h2>\n<p>C\u2019est la <a href=\"https:\/\/www.iso.org\/fr\/iso-26000-social-responsibility.html\" target=\"_blank\" rel=\"noopener\">norme ISO 26000<\/a>, qui r\u00e9gule les standards des entreprises, qui d\u00e9finit le p\u00e9rim\u00e8tre de la Responsabilit\u00e9 Soci\u00e9tale des Entreprises.<\/p>\n<p>Dans ce cadre, 7 piliers de la RSE sont mis en avant :<\/p>\n<ul>\n<li><strong>La gouvernance de l\u2019organisation<\/strong>, qui doit \u00eatre orchestr\u00e9e de telle sorte que la responsabilit\u00e9 de l\u2019entreprise soit \u00e0 la fois \u00e9conomique, sociale et environnementale.<\/li>\n<li><strong>Les droits de l\u2019homme<\/strong><\/li>\n<li><strong>Les relations et conditions de travail<\/strong><\/li>\n<li><strong>L\u2019environnement<\/strong><\/li>\n<li><strong>La loyaut\u00e9 des pratiques<\/strong><\/li>\n<li><strong>Les questions relatives aux consommateurs<\/strong><\/li>\n<li><strong>Les communaut\u00e9s et le d\u00e9veloppement local<\/strong><\/li>\n<\/ul>\n<p>Pour obtenir la norme ISO 26000, les entreprises doivent suivre \u00e0 la lettre ces 7 piliers. Cependant, bon nombre d\u2019entreprises suivent ces lignes directrices et les mettent en application sans pour autant vouloir obtenir cette norme.<\/p>\n<p><span id=\"hs-cta-wrapper-24c56aee-94d0-41f3-ad09-201b14fd42ae\" class=\"hs-cta-wrapper\"><span id=\"hs-cta-24c56aee-94d0-41f3-ad09-201b14fd42ae\" class=\"hs-cta-node hs-cta-24c56aee-94d0-41f3-ad09-201b14fd42ae\"><!-- [if lte IE 8]&gt;--><\/span><\/span><\/p>\n<div id=\"hs-cta-ie-element\"><\/div>\n<p><a href=\"https:\/\/cta-redirect.hubspot.com\/cta\/redirect\/4002043\/24c56aee-94d0-41f3-ad09-201b14fd42ae\" target=\"_blank\" rel=\"noopener\"><img loading=\"lazy\" decoding=\"async\" id=\"hs-cta-img-24c56aee-94d0-41f3-ad09-201b14fd42ae\" class=\"hs-cta-img\" style=\"border-width: 0px;\" src=\"https:\/\/no-cache.hubspot.com\/cta\/default\/4002043\/24c56aee-94d0-41f3-ad09-201b14fd42ae.png\" alt=\"Nouveau call-to-action\" width=\"998\" height=\"303\" \/><\/a><\/p>\n<h2>Comment la logistique peut-elle contribuer \u00e0 la RSE de l\u2019entreprise ?<\/h2>\n<p>Si la d\u00e9marche RSE est souvent men\u00e9e \u00e0 l\u2019initiative de la Direction G\u00e9n\u00e9rale de l\u2019entreprise, le p\u00f4le transport et logistique a un r\u00f4le crucial \u00e0 jouer dans le d\u00e9ploiement de cette strat\u00e9gie.<\/p>\n<p>Voici <strong>quelques pistes et leviers pour vous pencher sur la RSE de votre service logistique<\/strong>.<\/p>\n<h3>Suivre le r\u00e9f\u00e9rentiel RSE Logistique et Transport<\/h3>\n<p>Le Minist\u00e8re charg\u00e9 des Transports, celui charg\u00e9 de l\u2019\u00c9conomie et l\u2019ADEME a mis en place <strong>un r\u00e9f\u00e9rentiel RSE sp\u00e9cifiquement d\u00e9di\u00e9 au secteur de la logistique<\/strong>.<\/p>\n<p>Il ne s\u2019agit ni d\u2019un label, ni d\u2019une norme, et les entreprises n\u2019ont aucune obligation l\u00e9gale de s\u2019y soumettre. Cependant, vous trouverez dans ce r\u00e9f\u00e9rentiel <strong>bon nombre de pistes pour organiser vos op\u00e9rations logistiques en prenant en compte la RSE<\/strong>.<\/p>\n<p>Il s\u2019organise en trois parties :<\/p>\n<ul>\n<li><strong>Les enjeux fondamentaux<\/strong>, \u00e0 mettre en oeuvre en priorit\u00e9 pour un impact maximal sur l\u2019environnement et le social<\/li>\n<li><strong>Les enjeux majeurs<\/strong>, auxquels vous int\u00e9resser dans un second temps<\/li>\n<li><strong>Les enjeux compl\u00e9mentaires ou sp\u00e9cifiques<\/strong>, que vous pouvez d\u00e9ployer s\u2019ils concernent la localisation de votre entreprise ou son secteur d\u2019activit\u00e9<\/li>\n<\/ul>\n<p>Ce r\u00e9f\u00e9rentiel RSE Logistique est disponible directement <a href=\"https:\/\/www.ecologie.gouv.fr\/referentiel-responsabilite-societale-des-entreprises-rse-en-logistique\" target=\"_blank\" rel=\"noopener\">sur le site du Minist\u00e8re de l\u2019\u00c9cologie<\/a>.<\/p>\n<h3>D\u00e9ployer une strat\u00e9gie d\u2019approvisionnement orient\u00e9e RSE<\/h3>\n<p>Votre strat\u00e9gie RSE logistique commence en amont de votre <em>supply chain<\/em>, c\u2019est-\u00e0-dire au niveau de vos approvisionnements.<\/p>\n<p>Veillez \u00e0 choisir <strong>des prestataires engag\u00e9s pour la RSE<\/strong>, qui respectent les normes les plus strictes en mati\u00e8re de droits de l\u2019homme, d\u2019\u00e9co-responsabilit\u00e9 et de loyaut\u00e9 \u00e9conomique. Pour ce faire, n\u2019h\u00e9sitez pas \u00e0 consulter les labels et normes que ces prestataires ont pu d\u00e9crocher, v\u00e9ritables signes d\u2019engagement pour le d\u00e9veloppement durable.<\/p>\n<h3>Penser votre entrep\u00f4t de mani\u00e8re \u00e9co-responsable<\/h3>\n<p>L\u2019organisation logistique de votre entrep\u00f4t peut elle aussi contribuer \u00e0 la strat\u00e9gie RSE de votre entreprise.<\/p>\n<p>Au-del\u00e0 de respecter la nature et les collectivit\u00e9 environnantes \u00e0 votre lieu d\u2019entreposage, vous pouvez notamment\u2026<\/p>\n<ul>\n<li><strong>Revoir votre gestion des stocks et votre m\u00e9thode de picking<\/strong>, afin qu\u2019elles limitent les d\u00e9placements dans l\u2019entrep\u00f4t, et donc l\u2019utilisation d\u2019engins de manutention qui consomment de l\u2019\u00e9nergie et \u00e9mettent des gaz \u00e0 effet de serre.<\/li>\n<li><strong>Proc\u00e9der \u00e0 des r\u00e9am\u00e9nagements pour faire des \u00e9conomies d\u2019\u00e9nergie<\/strong>, comme le<em> relamping<\/em> ou l\u2019installation de portes automatiques qui \u00e9vitent les d\u00e9perditions de chaleur.<\/li>\n<li><strong>Installer le mat\u00e9riel n\u00e9cessaire pour am\u00e9liorer la <a href=\"\/blog\/gestion-dechets-entrepot\" target=\"_blank\" rel=\"noopener\">gestion des d\u00e9chets<\/a> dans l\u2019entrep\u00f4t<\/strong>.<\/li>\n<\/ul>\n<p>Pour en savoir plus, <a href=\"\/blog\/logistique-verte-entrepot\" target=\"_blank\" rel=\"noopener\">consultez nos 5 bonnes pratiques pour un entrep\u00f4t plus \u00e9co-responsable<\/a>.<\/p>\n<h3>Travailler au bien-\u00eatre de vos op\u00e9rateurs<\/h3>\n<p>Conjuguer RSE et logistique, c\u2019est \u00e9galement <strong>vous pencher sur les conditions de travail de vos op\u00e9rateurs et manutentionnaires<\/strong>. Ceux-ci doivent non seulement \u00e9voluer dans des conditions qui assurent leur s\u00e9curit\u00e9, mais \u00e9galement leur Qualit\u00e9 de Vie au Travail (QVT).<\/p>\n<p>Ainsi, les d\u00e9marches \u00e0 mener inclueront des actions telles que la lutte contre les Troubles Musculo-Squelettiques, mais \u00e9galement un management orient\u00e9 bien-\u00eatre au travail.<\/p>\n<p>Pour aller plus loin, rendez-vous sur <a href=\"\/blog\/bien-etre-entrepot\" target=\"_blank\" rel=\"noopener\">l\u2019article \u201cComment am\u00e9liorer le bien-\u00eatre dans votre entrep\u00f4t ?\u201d<\/a>.<\/p>\n<h3>D\u00e9ployer une strat\u00e9gie d\u2019emballage \u00e9co-responsable<\/h3>\n<p>L\u2019emballage est probablement le levier le plus simple \u00e0 d\u00e9ployer pour une strat\u00e9gie logistique orient\u00e9e RSE. En effet, il est ais\u00e9 de <strong>trouver des alternatives \u00e0 vos emballages actuels qui soient plus respectueux de l\u2019environnement<\/strong>, sans pour autant mettre \u00e0 sac vos process logistiques.<\/p>\n<p>Pour ce faire, suivez la m\u00e9thode des 5R de l\u2019emballage :<\/p>\n<ul>\n<li><strong>R comme R\u00e9duire<\/strong> : trouvez des emballages qui r\u00e9duisent le taux de mati\u00e8re premi\u00e8re utilis\u00e9e, en choisissant par exemple des caisses en carton adapt\u00e9es \u00e0 la taille de vos marchandises, ou en optant pour des caisses \u00e0 hauteur variable.<\/li>\n<li><strong>R comme R\u00e9utiliser<\/strong> : choisissez des emballages r\u00e9utilisables d\u00e8s que possible, comme les emballages e-commerce aller-retour, ou encore les bacs navette en plastique plut\u00f4t que les cartons pour stocker vos produits.<\/li>\n<li><strong>R comme Remplacer<\/strong> : remplacez vos emballages par des alternatives plus \u00e9cologiques, par exemple en optant pour une pochette papier plut\u00f4t qu\u2019une pochette en plastique.<\/li>\n<li><strong>R comme Renouveler<\/strong> : utilisez des emballages con\u00e7us \u00e0 partir de mat\u00e9riaux renouvelables, tels que l\u2019amidon de ma\u00efs, le sucre de canne, ou encore les mat\u00e9riaux recycl\u00e9s.<\/li>\n<li><strong>R comme Recycler<\/strong> : s\u00e9lectionnez des emballages recyclables, sur lesquels les consignes de fin de vie sont clairement indiqu\u00e9es.<\/li>\n<\/ul>\n<p>Besoin de creuser le sujet ? <a href=\"\/blog\/logistique-durable\" target=\"_blank\" rel=\"noopener\">Consultez notre article sur la m\u00e9thode des 5R de l\u2019emballage<\/a>.<\/p>\n<h3>D\u00e9finir une strat\u00e9gie de transport plus vertueuse pour la plan\u00e8te<\/h3>\n<p>Le transport de marchandises est ind\u00e9niablement la phase de la cha\u00eene logistique qui vient gonfler le plus le bilan carbone g\u00e9n\u00e9ral des entreprises. D\u2019o\u00f9 l\u2019int\u00e9r\u00eat de se pencher sur <strong>une strat\u00e9gie de transport \u00e9co-responsable, pour r\u00e9duire au maximum vos \u00e9missions de CO2<\/strong>.<\/p>\n<p>Parmi les strat\u00e9gies gagnantes en la mati\u00e8re, on peut notamment citer\u2026<\/p>\n<ul>\n<li><strong>Le fait de surveiller les \u00e9missions de vos transporteurs<\/strong><\/li>\n<li><strong>La r\u00e9duction du poids volum\u00e9trique de vos emballages<\/strong><\/li>\n<li><strong>L\u2019\u00e9co-planification de vos modes de transport<\/strong><\/li>\n<\/ul>\n<p>Pour aller plus loin sur ce sujet crucial pour la RSE de votre p\u00f4le logistique, rendez-vous sur <a href=\"\/blog\/transport-eco-responsable\" target=\"_blank\" rel=\"noopener\">l\u2019article Comment mettre en place une strat\u00e9gie de transport \u00e9co-responsable ?<\/a>.<\/p>\n<p>F\u00e9licitations : arm\u00e9 de ces quelques pistes, vous voil\u00e0 pr\u00eat \u00e0 mener une v\u00e9ritable r\u00e9flexion sur la mani\u00e8re dont votre logistique peut influer sur la strat\u00e9gie RSE de votre entreprise.<\/p>\n<p><span id=\"hs-cta-wrapper-60eb2ee8-f843-486d-b5a5-013e426a3b04\" class=\"hs-cta-wrapper\"><span id=\"hs-cta-60eb2ee8-f843-486d-b5a5-013e426a3b04\" class=\"hs-cta-node hs-cta-60eb2ee8-f843-486d-b5a5-013e426a3b04\"><!-- [if lte IE 8]&gt;--><\/span><\/span><\/p>\n<div id=\"hs-cta-ie-element\"><\/div>\n<p><a href=\"https:\/\/cta-redirect.hubspot.com\/cta\/redirect\/4002043\/60eb2ee8-f843-486d-b5a5-013e426a3b04\" target=\"_blank\" rel=\"noopener\"><img loading=\"lazy\" decoding=\"async\" id=\"hs-cta-img-60eb2ee8-f843-486d-b5a5-013e426a3b04\" class=\"hs-cta-img\" style=\"border-width: 0px;\" src=\"https:\/\/no-cache.hubspot.com\/cta\/default\/4002043\/60eb2ee8-f843-486d-b5a5-013e426a3b04.png\" alt=\"New call-to-action\" width=\"1280\" height=\"651\" \/><\/a><\/p>\n","protected":false},"excerpt":{"rendered":"<p>Parmi les acronymes qui agitent le monde de l\u2019entreprise, celui de \u201cRSE\u201d tient une place importante depuis plusieurs ann\u00e9es d\u00e9j\u00e0. Derri\u00e8re ces trois lettres se trouve un concept simple : [&#8230;]<\/p>\n","protected":false},"author":16,"featured_media":8634,"comment_status":"open","ping_status":"open","sticky":false,"template":"","format":"standard","meta":{"_acf_changed":false,"content-type":"","footnotes":""},"categories":[41,76],"tags":[36],"class_list":["post-5379","post","type-post","status-publish","format-standard","has-post-thumbnail","hentry","category-eco-responsabilite-environnement","category-logistique-stockage","tag-eco-responsabilite"],"acf":[],"yoast_head":"\n<title>C\u2019est quoi, la RSE ? Quel est le r\u00f4le de la logistique dans cette d\u00e9marche ? - Blog RAJA FR<\/title>\n<meta name=\"description\" content=\"Le point sur la notion de RSE : commencez \u00e0 mener une r\u00e9flexion sur la mani\u00e8re d\u2019articuler RSE et logistique\" \/>\n<meta name=\"robots\" content=\"index, follow, max-snippet:-1, max-image-preview:large, max-video-preview:-1\" \/>\n<link rel=\"canonical\" href=\"https:\/\/www.raja.fr\/blog\/rse-logistique\" \/>\n<meta property=\"og:locale\" content=\"fr_FR\" \/>\n<meta property=\"og:type\" content=\"article\" \/>\n<meta property=\"og:title\" content=\"C\u2019est quoi, la RSE ? Quel est le r\u00f4le de la logistique dans cette d\u00e9marche ? - Blog RAJA FR\" \/>\n<meta property=\"og:description\" content=\"Le point sur la notion de RSE : commencez \u00e0 mener une r\u00e9flexion sur la mani\u00e8re d\u2019articuler RSE et logistique\" \/>\n<meta property=\"og:url\" content=\"https:\/\/www.raja.fr\/blog\/rse-logistique\" \/>\n<meta property=\"og:site_name\" content=\"Blog RAJA FR\" \/>\n<meta property=\"article:published_time\" content=\"2022-09-19T06:43:23+00:00\" \/>\n<meta property=\"article:modified_time\" content=\"2025-08-13T12:34:43+00:00\" \/>\n<meta property=\"og:image\" content=\"https:\/\/www.raja.fr\/blog\/wp-content\/uploads\/2022\/09\/rse-logistique.jpeg\" \/>\n\t<meta property=\"og:image:width\" content=\"1500\" \/>\n\t<meta property=\"og:image:height\" content=\"1000\" \/>\n\t<meta property=\"og:image:type\" content=\"image\/jpeg\" \/>\n<meta name=\"author\" content=\"eleonor\" \/>\n<meta name=\"twitter:card\" content=\"summary_large_image\" \/>\n<meta name=\"twitter:label1\" content=\"\u00c9crit par\" \/>\n\t<meta name=\"twitter:data1\" content=\"eleonor\" \/>\n\t<meta name=\"twitter:label2\" content=\"Dur\u00e9e de lecture estim\u00e9e\" \/>\n\t<meta name=\"twitter:data2\" content=\"7 minutes\" \/>\n<script type=\"application\/ld+json\" class=\"yoast-schema-graph\">{\n\t    \"@context\": \"https:\/\/schema.org\",\n\t    \"@graph\": [\n\t        {\n\t            \"@type\": \"WebPage\",\n\t            \"@id\": \"https:\/\/www.raja.fr\/blog\/rse-logistique\",\n\t            \"url\": \"https:\/\/www.raja.fr\/blog\/rse-logistique\",\n\t            \"name\": \"C\u2019est quoi, la RSE ? Quel est le r\u00f4le de la logistique dans cette d\u00e9marche ? - Blog RAJA FR\",\n\t            \"isPartOf\": {\n\t                \"@id\": \"https:\/\/www.raja.fr\/blog\/#website\"\n\t            },\n\t            \"primaryImageOfPage\": {\n\t                \"@id\": \"https:\/\/www.raja.fr\/blog\/rse-logistique#primaryimage\"\n\t            },\n\t            \"image\": {\n\t                \"@id\": \"https:\/\/www.raja.fr\/blog\/rse-logistique#primaryimage\"\n\t            },\n\t            \"thumbnailUrl\": \"https:\/\/www.raja.fr\/blog\/wp-content\/uploads\/2022\/09\/rse-logistique.jpeg\",\n\t            \"datePublished\": \"2022-09-19T06:43:23+00:00\",\n\t            \"dateModified\": \"2025-08-13T12:34:43+00:00\",\n\t            \"author\": {\n\t                \"@id\": \"https:\/\/www.raja.fr\/blog\/#\/schema\/person\/07e3ad93477b11df54af80fd13759af6\"\n\t            },\n\t            \"description\": \"Le point sur la notion de RSE : commencez \u00e0 mener une r\u00e9flexion sur la mani\u00e8re d\u2019articuler RSE et logistique\",\n\t            \"inLanguage\": \"fr-FR\",\n\t            \"potentialAction\": [\n\t                {\n\t                    \"@type\": \"ReadAction\",\n\t                    \"target\": [\n\t                        \"https:\/\/www.raja.fr\/blog\/rse-logistique\"\n\t                    ]\n\t                }\n\t            ]\n\t        },\n\t        {\n\t            \"@type\": \"ImageObject\",\n\t            \"inLanguage\": \"fr-FR\",\n\t            \"@id\": \"https:\/\/www.raja.fr\/blog\/rse-logistique#primaryimage\",\n\t            \"url\": \"https:\/\/www.raja.fr\/blog\/wp-content\/uploads\/2022\/09\/rse-logistique.jpeg\",\n\t            \"contentUrl\": \"https:\/\/www.raja.fr\/blog\/wp-content\/uploads\/2022\/09\/rse-logistique.jpeg\",\n\t            \"width\": 1500,\n\t            \"height\": 1000\n\t        },\n\t        {\n\t            \"@type\": \"WebSite\",\n\t            \"@id\": \"https:\/\/www.raja.fr\/blog\/#website\",\n\t            \"url\": \"https:\/\/www.raja.fr\/blog\/\",\n\t            \"name\": \"Blog RAJA FR\",\n\t            \"description\": \"Les derni\u00e8res tendances emballage, logististique et E-commerce\",\n\t            \"potentialAction\": [\n\t                {\n\t                    \"@type\": \"SearchAction\",\n\t                    \"target\": {\n\t                        \"@type\": \"EntryPoint\",\n\t                        \"urlTemplate\": \"https:\/\/www.raja.fr\/blog\/?s={search_term_string}\"\n\t                    },\n\t                    \"query-input\": {\n\t                        \"@type\": \"PropertyValueSpecification\",\n\t                        \"valueRequired\": true,\n\t                        \"valueName\": \"search_term_string\"\n\t                    }\n\t                }\n\t            ],\n\t            \"inLanguage\": \"fr-FR\"\n\t        },\n\t        {\n\t            \"@type\": \"Person\",\n\t            \"@id\": \"https:\/\/www.raja.fr\/blog\/#\/schema\/person\/07e3ad93477b11df54af80fd13759af6\",\n\t            \"name\": \"eleonor\",\n\t            \"image\": {\n\t                \"@type\": \"ImageObject\",\n\t                \"inLanguage\": \"fr-FR\",\n\t                \"@id\": \"https:\/\/www.raja.fr\/blog\/#\/schema\/person\/image\/\",\n\t                \"url\": \"https:\/\/secure.gravatar.com\/avatar\/1aa536a845c5780e3686cb173633385c?s=96&d=mm&r=g\",\n\t                \"contentUrl\": \"https:\/\/secure.gravatar.com\/avatar\/1aa536a845c5780e3686cb173633385c?s=96&d=mm&r=g\",\n\t                \"caption\": \"eleonor\"\n\t            },\n\t            \"url\": \"https:\/\/www.raja.fr\/blog\/author\/eleonor\"\n\t        }\n\t    ]\n\t}<\/script>\n","yoast_head_json":{"title":"C\u2019est quoi, la RSE ? Quel est le r\u00f4le de la logistique dans cette d\u00e9marche ? - Blog RAJA FR","description":"Le point sur la notion de RSE : commencez \u00e0 mener une r\u00e9flexion sur la mani\u00e8re d\u2019articuler RSE et logistique","robots":{"index":"index","follow":"follow","max-snippet":"max-snippet:-1","max-image-preview":"max-image-preview:large","max-video-preview":"max-video-preview:-1"},"canonical":"https:\/\/www.raja.fr\/blog\/rse-logistique","og_locale":"fr_FR","og_type":"article","og_title":"C\u2019est quoi, la RSE ? Quel est le r\u00f4le de la logistique dans cette d\u00e9marche ? - Blog RAJA FR","og_description":"Le point sur la notion de RSE : commencez \u00e0 mener une r\u00e9flexion sur la mani\u00e8re d\u2019articuler RSE et logistique","og_url":"https:\/\/www.raja.fr\/blog\/rse-logistique","og_site_name":"Blog RAJA FR","article_published_time":"2022-09-19T06:43:23+00:00","article_modified_time":"2025-08-13T12:34:43+00:00","og_image":[{"width":1500,"height":1000,"url":"https:\/\/www.raja.fr\/blog\/wp-content\/uploads\/2022\/09\/rse-logistique.jpeg","type":"image\/jpeg"}],"author":"eleonor","twitter_card":"summary_large_image","twitter_misc":{"\u00c9crit par":"eleonor","Dur\u00e9e de lecture estim\u00e9e":"7 minutes"},"schema":{"@context":"https:\/\/schema.org","@graph":[{"@type":"WebPage","@id":"https:\/\/www.raja.fr\/blog\/rse-logistique","url":"https:\/\/www.raja.fr\/blog\/rse-logistique","name":"C\u2019est quoi, la RSE ? Quel est le r\u00f4le de la logistique dans cette d\u00e9marche ? - Blog RAJA FR","isPartOf":{"@id":"https:\/\/www.raja.fr\/blog\/#website"},"primaryImageOfPage":{"@id":"https:\/\/www.raja.fr\/blog\/rse-logistique#primaryimage"},"image":{"@id":"https:\/\/www.raja.fr\/blog\/rse-logistique#primaryimage"},"thumbnailUrl":"https:\/\/www.raja.fr\/blog\/wp-content\/uploads\/2022\/09\/rse-logistique.jpeg","datePublished":"2022-09-19T06:43:23+00:00","dateModified":"2025-08-13T12:34:43+00:00","author":{"@id":"https:\/\/www.raja.fr\/blog\/#\/schema\/person\/07e3ad93477b11df54af80fd13759af6"},"description":"Le point sur la notion de RSE : commencez \u00e0 mener une r\u00e9flexion sur la mani\u00e8re d\u2019articuler RSE et logistique","inLanguage":"fr-FR","potentialAction":[{"@type":"ReadAction","target":["https:\/\/www.raja.fr\/blog\/rse-logistique"]}]},{"@type":"ImageObject","inLanguage":"fr-FR","@id":"https:\/\/www.raja.fr\/blog\/rse-logistique#primaryimage","url":"https:\/\/www.raja.fr\/blog\/wp-content\/uploads\/2022\/09\/rse-logistique.jpeg","contentUrl":"https:\/\/www.raja.fr\/blog\/wp-content\/uploads\/2022\/09\/rse-logistique.jpeg","width":1500,"height":1000},{"@type":"WebSite","@id":"https:\/\/www.raja.fr\/blog\/#website","url":"https:\/\/www.raja.fr\/blog\/","name":"Blog RAJA FR","description":"Les derni\u00e8res tendances emballage, logististique et E-commerce","potentialAction":[{"@type":"SearchAction","target":{"@type":"EntryPoint","urlTemplate":"https:\/\/www.raja.fr\/blog\/?s={search_term_string}"},"query-input":{"@type":"PropertyValueSpecification","valueRequired":true,"valueName":"search_term_string"}}],"inLanguage":"fr-FR"},{"@type":"Person","@id":"https:\/\/www.raja.fr\/blog\/#\/schema\/person\/07e3ad93477b11df54af80fd13759af6","name":"eleonor","image":{"@type":"ImageObject","inLanguage":"fr-FR","@id":"https:\/\/www.raja.fr\/blog\/#\/schema\/person\/image\/","url":"https:\/\/secure.gravatar.com\/avatar\/1aa536a845c5780e3686cb173633385c?s=96&d=mm&r=g","contentUrl":"https:\/\/secure.gravatar.com\/avatar\/1aa536a845c5780e3686cb173633385c?s=96&d=mm&r=g","caption":"eleonor"},"url":"https:\/\/www.raja.fr\/blog\/author\/eleonor"}]}},"_links":{"self":[{"href":"https:\/\/www.raja.fr\/blog\/wp-json\/wp\/v2\/posts\/5379"}],"collection":[{"href":"https:\/\/www.raja.fr\/blog\/wp-json\/wp\/v2\/posts"}],"about":[{"href":"https:\/\/www.raja.fr\/blog\/wp-json\/wp\/v2\/types\/post"}],"author":[{"embeddable":true,"href":"https:\/\/www.raja.fr\/blog\/wp-json\/wp\/v2\/users\/16"}],"replies":[{"embeddable":true,"href":"https:\/\/www.raja.fr\/blog\/wp-json\/wp\/v2\/comments?post=5379"}],"version-history":[{"count":2,"href":"https:\/\/www.raja.fr\/blog\/wp-json\/wp\/v2\/posts\/5379\/revisions"}],"predecessor-version":[{"id":9510,"href":"https:\/\/www.raja.fr\/blog\/wp-json\/wp\/v2\/posts\/5379\/revisions\/9510"}],"wp:featuredmedia":[{"embeddable":true,"href":"https:\/\/www.raja.fr\/blog\/wp-json\/wp\/v2\/media\/8634"}],"wp:attachment":[{"href":"https:\/\/www.raja.fr\/blog\/wp-json\/wp\/v2\/media?parent=5379"}],"wp:term":[{"taxonomy":"category","embeddable":true,"href":"https:\/\/www.raja.fr\/blog\/wp-json\/wp\/v2\/categories?post=5379"},{"taxonomy":"post_tag","embeddable":true,"href":"https:\/\/www.raja.fr\/blog\/wp-json\/wp\/v2\/tags?post=5379"}],"curies":[{"name":"wp","href":"https:\/\/api.w.org\/{rel}","templated":true}]}}