{"id":6046,"date":"2022-11-12T15:20:24","date_gmt":"2022-11-12T14:20:24","guid":{"rendered":"https:\/\/www.raja.fr\/blog\/?p=6046"},"modified":"2026-03-12T15:29:57","modified_gmt":"2026-03-12T14:29:57","slug":"emballage-cadeau-e-commerce-fin-annee","status":"publish","type":"post","link":"https:\/\/www.raja.fr\/blog\/emballage-cadeau-e-commerce-fin-annee","title":{"rendered":"Quels emballages cadeaux e-commerce pour ravir vos clients en fin d\u2019ann\u00e9e ?"},"content":{"rendered":"<p>En tant qu\u2019e-commer\u00e7ant, les f\u00eates de fin d&rsquo;ann\u00e9e sont un grand moment : c\u2019est l\u00e0 que vous r\u00e9alisez une partie significative de votre chiffre d\u2019affaires, mais \u00e9galement la p\u00e9riode o\u00f9 votre productivit\u00e9 doit \u00eatre maximale. Pour affronter ce challenge, vous avez tout mis en \u0153uvre \u00e0 l\u2019avance : strat\u00e9gie logistique adapt\u00e9e, stocks bien remplis, entrep\u00f4t bien organis\u00e9.<\/p>\n<p>Mais avez-vous pens\u00e9 \u00e0 bien choisir vos emballages pour soigner votre exp\u00e9rience client, et produire l\u2019effet \u201cwaouh\u201d qui fera revenir vos clients vers votre marque \u00e0 l\u2019issue de la p\u00e9riode ?<\/p>\n<p>Car, si vos confr\u00e8res travaillant en boutique physique peuvent se servir de paquets-cadeaux que leurs clients peuvent d\u00e9poser au pied du sapin, vous, e-commer\u00e7ant, devez trouver des emballages capables de produire le m\u00eame effet, en passant par une phase de livraison.<\/p>\n<p>Pour vous aider \u00e0 ce faire, nos experts vous d\u00e9voilent <strong>les cl\u00e9s d\u2019<a href=\"\/blog\/emballage-cadeau-professionnel\" target=\"_blank\" rel=\"noopener\">emballages cadeaux professionnels<\/a> qui raviront vos clients en cette p\u00e9riode de f\u00eates<\/strong>.<\/p>\n<h2 class=\"wp-block-heading\">Les emballages qui soignent l\u2019<em>unboxing<\/em> de vos produits<\/h2>\n<p>L\u2019<em>unboxing<\/em>, soit le fait pour un client d\u2019\u00eatre tellement ravi du d\u00e9ballage de ses marchandises qu\u2019il les poste sur les r\u00e9seaux sociaux, est un vecteur d\u2019exp\u00e9rience client tr\u00e8s efficace pour votre marque. En cette p\u00e9riode de f\u00eates de fin d\u2019ann\u00e9e, c\u2019est plus que jamais le moment de vous pencher sur cette strat\u00e9gie pour les enchanter et les fid\u00e9liser.<\/p>\n<p>Voici quelques conseils pour soigner l\u2019<em>unboxing<\/em> de vos colis :<\/p>\n<ul class=\"wp-block-list\">\n<li><strong>Choisissez un emballage au plus pr\u00e8s de la taille et du volume de vos produits<\/strong>. Cela permet de limiter l\u2019utilisation de mati\u00e8res premi\u00e8res (un v\u00e9ritable signe d\u2019engagement \u00e9cologique), ainsi que d\u2019\u00e9viter de mettre trop de calage dedans (ce qui peut \u00eatre aga\u00e7ant pour le destinataire).<\/li>\n<li>Si vos produits ont besoin d\u2019\u00eatre cal\u00e9s dans l\u2019emballage, <strong>choisissez un calage \u00e9l\u00e9gant<\/strong>, comme le papier de soie ou le papier kraft (tous deux personnalisables) ou bien des coussins d\u2019air (qui permettent de voir les produits par transparence).<\/li>\n<li><strong>Int\u00e9grez \u00e0 l\u2019emballage des petits cadeaux<\/strong> : coupon, r\u00e9duction, goodies, pochette personnalis\u00e9e pour ins\u00e9rer la facture\u2026<\/li>\n<\/ul>\n<p>Pour en savoir plus, <a href=\"\/blog\/unboxing-packaging-e-commerce\" target=\"_blank\" rel=\"noopener\">consultez nos conseils pour am\u00e9liorer l\u2019<em>unboxing<\/em> de votre packaging e-commerce<\/a>.<\/p>\n<p><span id=\"hs-cta-wrapper-aaab52e1-60a4-4f8c-be43-c51ee9bc87a1\" class=\"hs-cta-wrapper\"><span id=\"hs-cta-aaab52e1-60a4-4f8c-be43-c51ee9bc87a1\" class=\"hs-cta-node hs-cta-aaab52e1-60a4-4f8c-be43-c51ee9bc87a1\"><!-- [if lte IE 8]&gt;--><\/span><\/span><\/p>\n<div id=\"hs-cta-ie-element\"><\/div>\n<figure class=\"wp-block-image\"><a href=\"https:\/\/cta-redirect.hubspot.com\/cta\/redirect\/4002043\/aaab52e1-60a4-4f8c-be43-c51ee9bc87a1\" target=\"_blank\" rel=\"noopener\"><img loading=\"lazy\" decoding=\"async\" src=\"https:\/\/no-cache.hubspot.com\/cta\/default\/4002043\/aaab52e1-60a4-4f8c-be43-c51ee9bc87a1.png\" alt=\"Nouveau call-to-action\" \/><\/a><\/figure>\n<h3 class=\"wp-block-heading\">Les produits d\u2019emballages cadeaux pour vous inspirer<\/h3>\n<figure class=\"wp-block-table\">\n<table>\n<tbody>\n<tr>\n<td><img loading=\"lazy\" decoding=\"async\" width=\"500\" height=\"500\" class=\"wp-image-10967\" style=\"width: 500px;\" src=\"https:\/\/www.raja.fr\/blog\/wp-content\/uploads\/2022\/04\/etui-croix-postal.jpg\" alt=\"\u00c9tui-croix postal carton brun avec fermeture adh\u00e9sive\" srcset=\"https:\/\/www.raja.fr\/blog\/wp-content\/uploads\/2022\/04\/etui-croix-postal.jpg 1995w, https:\/\/www.raja.fr\/blog\/wp-content\/uploads\/2022\/04\/etui-croix-postal-430x430.jpg 430w, https:\/\/www.raja.fr\/blog\/wp-content\/uploads\/2022\/04\/etui-croix-postal-1024x1024.jpg 1024w, https:\/\/www.raja.fr\/blog\/wp-content\/uploads\/2022\/04\/etui-croix-postal-150x150.jpg 150w, https:\/\/www.raja.fr\/blog\/wp-content\/uploads\/2022\/04\/etui-croix-postal-768x768.jpg 768w, https:\/\/www.raja.fr\/blog\/wp-content\/uploads\/2022\/04\/etui-croix-postal-1536x1536.jpg 1536w, https:\/\/www.raja.fr\/blog\/wp-content\/uploads\/2022\/04\/etui-croix-postal-800x800.jpg 800w, https:\/\/www.raja.fr\/blog\/wp-content\/uploads\/2022\/04\/etui-croix-postal-120x120.jpg 120w\" sizes=\"(max-width: 500px) 100vw, 500px\" \/><\/td>\n<td><a href=\"https:\/\/www.raja.fr\/caisses-boites-tubes\/boites-postales-etuis-et-tubes\/boites-et-etuis-pour-livre-classeur\/etui-croix-brun-pour-livres-avec-fermeture-adhesive_PDT02502.html\" target=\"_blank\" rel=\"noreferrer noopener\"><strong>Les emballages \u00e0 bande d\u2019arrachage int\u00e9gr\u00e9e<\/strong>.<\/a>\u00a0Si cela semble un \u00e9l\u00e9ment basique, le fait de faciliter l\u2019ouverture de vos colis gr\u00e2ce \u00e0 cette bande permet de grandement fluidifier votre\u00a0<em>unboxing<\/em>.<\/td>\n<\/tr>\n<tr>\n<td><img loading=\"lazy\" decoding=\"async\" width=\"500\" height=\"500\" class=\"wp-image-11077\" style=\"width: 500px;\" src=\"https:\/\/www.raja.fr\/blog\/wp-content\/uploads\/2022\/11\/boite-cadeau.jpg\" alt=\"Bo\u00eete cadeau\" srcset=\"https:\/\/www.raja.fr\/blog\/wp-content\/uploads\/2022\/11\/boite-cadeau.jpg 600w, https:\/\/www.raja.fr\/blog\/wp-content\/uploads\/2022\/11\/boite-cadeau-430x430.jpg 430w, https:\/\/www.raja.fr\/blog\/wp-content\/uploads\/2022\/11\/boite-cadeau-150x150.jpg 150w, https:\/\/www.raja.fr\/blog\/wp-content\/uploads\/2022\/11\/boite-cadeau-120x120.jpg 120w\" sizes=\"(max-width: 500px) 100vw, 500px\" \/><\/td>\n<td><a href=\"https:\/\/www.raja.fr\/emballages-boutiques\/sacs-papier-cadeau\/boites-cadeau\/boite-cadeau-micro-cannelure_PDT499590.html\" target=\"_blank\" rel=\"noreferrer noopener\"><strong>Les bo\u00eetes-cadeaux<\/strong><\/a> qui se d\u00e9clinent en plusieurs versions : fermeture aimant\u00e9e, couvercle s\u00e9par\u00e9, en kraft naturel ou bien pellicul\u00e9es\u2026 Pensez-y pour des emballages cadeaux e-commerce originaux !<\/td>\n<\/tr>\n<tr>\n<td><img loading=\"lazy\" decoding=\"async\" width=\"500\" height=\"500\" class=\"wp-image-10617\" style=\"width: 500px;\" src=\"https:\/\/www.raja.fr\/blog\/wp-content\/uploads\/2025\/09\/pochon-organdi.jpg\" alt=\"Pochon organdi\" srcset=\"https:\/\/www.raja.fr\/blog\/wp-content\/uploads\/2025\/09\/pochon-organdi.jpg 2000w, https:\/\/www.raja.fr\/blog\/wp-content\/uploads\/2025\/09\/pochon-organdi-430x430.jpg 430w, https:\/\/www.raja.fr\/blog\/wp-content\/uploads\/2025\/09\/pochon-organdi-1024x1024.jpg 1024w, https:\/\/www.raja.fr\/blog\/wp-content\/uploads\/2025\/09\/pochon-organdi-150x150.jpg 150w, https:\/\/www.raja.fr\/blog\/wp-content\/uploads\/2025\/09\/pochon-organdi-768x768.jpg 768w, https:\/\/www.raja.fr\/blog\/wp-content\/uploads\/2025\/09\/pochon-organdi-1536x1536.jpg 1536w, https:\/\/www.raja.fr\/blog\/wp-content\/uploads\/2025\/09\/pochon-organdi-800x800.jpg 800w, https:\/\/www.raja.fr\/blog\/wp-content\/uploads\/2025\/09\/pochon-organdi-120x120.jpg 120w\" sizes=\"(max-width: 500px) 100vw, 500px\" \/><\/td>\n<td><a href=\"https:\/\/www.raja.fr\/emballages-boutiques\/sacs-papier-cadeau\/sachets-pochettes-et-boites-cadeau\/pochon-organdi-de-couleur_PDT02248.html\" target=\"_blank\" rel=\"noreferrer noopener\"><strong>Les pochons<\/strong><\/a>, id\u00e9aux pour emballer de mani\u00e8re originale de petits produits qui ne n\u00e9cessitent pas beaucoup de protection \u00e0 l\u2019int\u00e9rieur de vos emballages.<\/td>\n<\/tr>\n<tr>\n<td><img loading=\"lazy\" decoding=\"async\" width=\"500\" height=\"500\" class=\"wp-image-6029\" style=\"width: 500px;\" src=\"https:\/\/www.raja.fr\/blog\/wp-content\/uploads\/2022\/11\/pochette-kraft.png\" alt=\"Pochette cadeau kraft lumi\u00e8re\" srcset=\"https:\/\/www.raja.fr\/blog\/wp-content\/uploads\/2022\/11\/pochette-kraft.png 410w, https:\/\/www.raja.fr\/blog\/wp-content\/uploads\/2022\/11\/pochette-kraft-300x300.png 300w, https:\/\/www.raja.fr\/blog\/wp-content\/uploads\/2022\/11\/pochette-kraft-150x150.png 150w, https:\/\/www.raja.fr\/blog\/wp-content\/uploads\/2022\/11\/pochette-kraft-120x120.png 120w\" sizes=\"(max-width: 500px) 100vw, 500px\" \/><\/td>\n<td><a href=\"https:\/\/www.raja.fr\/emballages-boutiques\/sacs-papier-cadeau\/sachets-pochettes-et-boites-cadeau\/pochette-cadeau-gamme-vegetal_OFF_FR_728.html\" target=\"_blank\" rel=\"noreferrer noopener\"><strong>Les pochettes-cadeaux<\/strong><\/a>. \u00c0 choisir avec un design fantaisie qui attirera l\u2019\u0153il sous le sapin de No\u00ebl, ou bien \u00e0 personnaliser totalement, elles produisent toujours un effet \u201cwaouh\u201d.<\/td>\n<\/tr>\n<\/tbody>\n<\/table>\n<\/figure>\n<h2 class=\"wp-block-heading\">Les emballages \u00e9cologiques pour prouver votre engagement responsable<\/h2>\n<p>Autre cl\u00e9 pour soigner l\u2019<em>unboxing<\/em> en m\u00eame temps que votre image de marque : vous assurer de choisir des emballages cadeaux responsables. En effet, vos clients attendent plus que jamais des marques chez qui ils commandent un v\u00e9ritable engagement \u00e9cologique.<\/p>\n<p>Pour ce faire, appuyez-vous sur <strong>la m\u00e9thode des 3R de l\u2019emballage, qui vous permet de choisir des emballages responsables<\/strong>.<\/p>\n<p>Le principe est simple : votre emballage cadeau e-commerce doit respecter l\u2019un ou plusieurs des 3 crit\u00e8res qui suivent :<\/p>\n<ul class=\"wp-block-list\">\n<li><strong>R\u00e9duire le poids et le volume de mati\u00e8res premi\u00e8res utilis\u00e9es<\/strong>, pour ne pas suremballer, et utiliser le \u201cjuste emballage\u201d<\/li>\n<li><strong>R\u00e9utiliser vos emballages<\/strong> dans la mesure du possible<\/li>\n<li><strong>Recycler<\/strong>, en vous assurant que vos emballages sont recyclables<\/li>\n<\/ul>\n<p>Pensez \u00e9galement \u00e0 bien choisir des solutions qui indiquent \u00e0 m\u00eame l\u2019emballage les consignes de tri que votre client final doit suivre. L\u2019objectif ? Guider vos packagings vers la fin de vie appropri\u00e9e.<\/p>\n<p>Pour creuser cette m\u00e9thode, rendez-vous sur notre article <a href=\"https:\/\/www.raja.fr\/blog\/reduction-reemploi-recyclage-3r-emballages\">R\u00e9duction, R\u00e9emploi, Recyclage : les 3R\u00a0comme solutions concr\u00e8tes pour repenser l\u2019emballage<\/a>.<\/p>\n<h3 class=\"wp-block-heading\">Les emballages pour vous inspirer<\/h3>\n<figure class=\"wp-block-table\">\n<table>\n<tbody>\n<tr>\n<td><img loading=\"lazy\" decoding=\"async\" width=\"500\" height=\"500\" class=\"wp-image-10418\" style=\"width: 500px;\" src=\"https:\/\/www.raja.fr\/blog\/wp-content\/uploads\/2025\/08\/boite-carton-brune-fermetures-adhesives-aller-retour.jpg\" alt=\"o\u00eete carton brune avec fermetures adh\u00e9sives &quot;aller-retour&quot;\" srcset=\"https:\/\/www.raja.fr\/blog\/wp-content\/uploads\/2025\/08\/boite-carton-brune-fermetures-adhesives-aller-retour.jpg 600w, https:\/\/www.raja.fr\/blog\/wp-content\/uploads\/2025\/08\/boite-carton-brune-fermetures-adhesives-aller-retour-430x430.jpg 430w, https:\/\/www.raja.fr\/blog\/wp-content\/uploads\/2025\/08\/boite-carton-brune-fermetures-adhesives-aller-retour-150x150.jpg 150w, https:\/\/www.raja.fr\/blog\/wp-content\/uploads\/2025\/08\/boite-carton-brune-fermetures-adhesives-aller-retour-120x120.jpg 120w\" sizes=\"(max-width: 500px) 100vw, 500px\" \/><\/td>\n<td><a href=\"https:\/\/www.raja.fr\/caisses-cartons-boites\/caisses-pour-format-long-plat-hauteur-variable-palettisable\/caisses-carton-pour-produit-plat\/caisse-a-fond-automatique-double-fermeture-adhesive-avec-impression-merci_PDT531591.html\" target=\"_blank\" rel=\"noreferrer noopener\"><strong><br \/>\n<\/strong><\/a><strong><a href=\"https:\/\/www.raja.fr\/caisses-cartons-boites\/boites-postales-et-etuis\/boites-postales-en-carton\/boite-avec-fermetures-adhesives-aller-retour_OFF_FR_1874.html\" target=\"_blank\" rel=\"noreferrer noopener\">Les bo\u00eetes aller-retour avec double bande adh\u00e9sive<\/a><\/strong>\u00a0simplifient la gestion des retours, limitent le gaspillage et favorisent l\u2019exp\u00e9rience client.<iframe loading=\"lazy\" title=\"Bo\u00eete \u00e0 fermeture adh\u00e9sive &quot;Aller-Retour&quot; pour une exp\u00e9dition s\u00e9curis\u00e9e\" width=\"500\" height=\"281\" src=\"https:\/\/www.youtube.com\/embed\/stxhD5JM3yM?feature=oembed\" frameborder=\"0\" allow=\"accelerometer; autoplay; clipboard-write; encrypted-media; gyroscope; picture-in-picture; web-share\" referrerpolicy=\"strict-origin-when-cross-origin\" allowfullscreen><\/iframe><\/td>\n<\/tr>\n<tr>\n<td><img loading=\"lazy\" decoding=\"async\" width=\"500\" height=\"500\" class=\"wp-image-6053\" style=\"width: 500px;\" src=\"https:\/\/www.raja.fr\/blog\/wp-content\/uploads\/2022\/11\/ruban-kraft.png\" alt=\"Ruban adh\u00e9sif en papier kraft standard\" srcset=\"https:\/\/www.raja.fr\/blog\/wp-content\/uploads\/2022\/11\/ruban-kraft.png 410w, https:\/\/www.raja.fr\/blog\/wp-content\/uploads\/2022\/11\/ruban-kraft-300x300.png 300w, https:\/\/www.raja.fr\/blog\/wp-content\/uploads\/2022\/11\/ruban-kraft-150x150.png 150w, https:\/\/www.raja.fr\/blog\/wp-content\/uploads\/2022\/11\/ruban-kraft-120x120.png 120w\" sizes=\"(max-width: 500px) 100vw, 500px\" \/><\/td>\n<td><strong><a href=\"https:\/\/www.raja.fr\/adhesifs-cerclage-collage\/adhesifs-emballage\/rubans-adhesifs-papier-kraft\/ruban-emballage-en-papier-kraft-adhesif_PDT01167.html\" target=\"_blank\" rel=\"noreferrer noopener\">Le ruban adh\u00e9sif en papier<\/a><\/strong>\u00a0facilite le tri des emballages sans avoir \u00e0 s\u00e9parer les mat\u00e9riaux, et am\u00e9liore la recyclabilit\u00e9 de l\u2019ensemble du colis.<\/td>\n<\/tr>\n<tr>\n<td><img loading=\"lazy\" decoding=\"async\" width=\"500\" height=\"500\" class=\"wp-image-11078\" style=\"width: 500px;\" src=\"https:\/\/www.raja.fr\/blog\/wp-content\/uploads\/2022\/11\/pochette-plastique-opaque-recyclee.jpg\" alt=\"Pochette plastique opaque recycl\u00e9\" srcset=\"https:\/\/www.raja.fr\/blog\/wp-content\/uploads\/2022\/11\/pochette-plastique-opaque-recyclee.jpg 600w, https:\/\/www.raja.fr\/blog\/wp-content\/uploads\/2022\/11\/pochette-plastique-opaque-recyclee-430x430.jpg 430w, https:\/\/www.raja.fr\/blog\/wp-content\/uploads\/2022\/11\/pochette-plastique-opaque-recyclee-150x150.jpg 150w, https:\/\/www.raja.fr\/blog\/wp-content\/uploads\/2022\/11\/pochette-plastique-opaque-recyclee-120x120.jpg 120w\" sizes=\"(max-width: 500px) 100vw, 500px\" \/><\/td>\n<td><strong><a href=\"https:\/\/www.raja.fr\/enveloppes-pochettes\/pochettes-plastiques\/enveloppes-et-pochettes-plastique-opaques\/pochette-plastique-opaque-super_OFF_FR_0791.html\" target=\"_blank\" rel=\"noreferrer noopener\">La pochette plastique opaque<\/a><\/strong>, issue de 100 % mati\u00e8res recycl\u00e9es, combine robustesse et discr\u00e9tion : r\u00e9sistante \u00e0 la d\u00e9chirure et \u00e0 l\u2019humidit\u00e9, elle prot\u00e8ge votre contenu tout en pr\u00e9servant sa confidentialit\u00e9 gr\u00e2ce \u00e0 sa finition opaque.<\/td>\n<\/tr>\n<\/tbody>\n<\/table>\n<\/figure>\n<h2 class=\"wp-block-heading\">Les emballages qui facilitent la livraison de vos produits<\/h2>\n<p>Qui dit p\u00e9riode de fin d\u2019ann\u00e9e, dit commandes des cadeaux de No\u00ebl et des produits pour pr\u00e9parer les f\u00eates. Il est donc n\u00e9cessaire pour vous, e-commer\u00e7ant, de vous assurer de <a href=\"\/blog\/optimisation-livraison-e-commerce\" target=\"_blank\" rel=\"noopener\">l\u2019optimisation de vos livraisons<\/a>, qui doivent se faire en temps et en heure, et avec une bonne exp\u00e9rience client.<\/p>\n<p>Bonne nouvelle : l\u2019emballage a un r\u00f4le \u00e0 jouer dans la livraison de vos produits ! D\u2019une part, il assure que vos marchandises sont prot\u00e9g\u00e9es lors de leur livraison, pour arriver en bon \u00e9tat, et \u00e9viter les retours de commande. D\u2019autre part, il est possible d\u2019optimiser la livraison de certains produits gr\u00e2ce \u00e0 de bons emballages.<\/p>\n<p>Par exemple, vous pouvez songer \u00e0 faire passer vos petits produits directement en bo\u00eete aux lettres, pour \u00e9viter \u00e0 vos clients un passage en bureau de Poste. Vous vous assurez ainsi de r\u00e9ussir votre <a href=\"\/blog\/logistique-fetes-fin-annee\" target=\"_blank\" rel=\"noopener\">logistique des f\u00eates de fin d\u2019ann\u00e9e<\/a> !<\/p>\n<h3 class=\"wp-block-heading\">Les emballages pour vous inspirer<\/h3>\n<figure class=\"wp-block-table\">\n<table>\n<tbody>\n<tr>\n<td><img loading=\"lazy\" decoding=\"async\" width=\"500\" height=\"500\" class=\"wp-image-4862\" style=\"width: 500px;\" src=\"https:\/\/www.raja.fr\/blog\/wp-content\/uploads\/2022\/08\/pasted-image-0-18.png\" alt=\"Bo\u00eete extra-plate d'exp\u00e9dition carton brune avec fermeture adh\u00e9sive\" srcset=\"https:\/\/www.raja.fr\/blog\/wp-content\/uploads\/2022\/08\/pasted-image-0-18.png 410w, https:\/\/www.raja.fr\/blog\/wp-content\/uploads\/2022\/08\/pasted-image-0-18-300x300.png 300w, https:\/\/www.raja.fr\/blog\/wp-content\/uploads\/2022\/08\/pasted-image-0-18-150x150.png 150w, https:\/\/www.raja.fr\/blog\/wp-content\/uploads\/2022\/08\/pasted-image-0-18-120x120.png 120w\" sizes=\"(max-width: 500px) 100vw, 500px\" \/><\/td>\n<td><strong><a href=\"https:\/\/www.raja.fr\/caisses-boites-tubes\/boites-postales-etuis-et-tubes\/boites-et-etuis-pour-produits-plats_C114015.html\" target=\"_blank\" rel=\"noreferrer noopener\"><br \/>\nLes \u00e9tuis postaux et bo\u00eetes extra-plates<\/a><\/strong>, qui sont con\u00e7ues pour passer directement dans une bo\u00eete aux lettres de taille standard.<\/td>\n<\/tr>\n<tr>\n<td><img loading=\"lazy\" decoding=\"async\" width=\"500\" height=\"500\" class=\"wp-image-10859\" style=\"width: 500px;\" src=\"https:\/\/www.raja.fr\/blog\/wp-content\/uploads\/2023\/04\/pochette-matelassee-soufflets-papier.jpg\" alt=\"Pochette matelass\u00e9e \u00e0 soufflets 100% papier\" srcset=\"https:\/\/www.raja.fr\/blog\/wp-content\/uploads\/2023\/04\/pochette-matelassee-soufflets-papier.jpg 2000w, https:\/\/www.raja.fr\/blog\/wp-content\/uploads\/2023\/04\/pochette-matelassee-soufflets-papier-430x430.jpg 430w, https:\/\/www.raja.fr\/blog\/wp-content\/uploads\/2023\/04\/pochette-matelassee-soufflets-papier-1024x1024.jpg 1024w, https:\/\/www.raja.fr\/blog\/wp-content\/uploads\/2023\/04\/pochette-matelassee-soufflets-papier-150x150.jpg 150w, https:\/\/www.raja.fr\/blog\/wp-content\/uploads\/2023\/04\/pochette-matelassee-soufflets-papier-768x768.jpg 768w, https:\/\/www.raja.fr\/blog\/wp-content\/uploads\/2023\/04\/pochette-matelassee-soufflets-papier-1536x1536.jpg 1536w, https:\/\/www.raja.fr\/blog\/wp-content\/uploads\/2023\/04\/pochette-matelassee-soufflets-papier-800x800.jpg 800w, https:\/\/www.raja.fr\/blog\/wp-content\/uploads\/2023\/04\/pochette-matelassee-soufflets-papier-120x120.jpg 120w\" sizes=\"(max-width: 500px) 100vw, 500px\" \/><\/td>\n<td><strong><a href=\"https:\/\/www.raja.fr\/enveloppes-pochettes\/enveloppes-pochettes-courrier\/enveloppes-pochettes-soufflet\/pochette-matelassee-bulles-papier-a-soufflets_OFF_FR_0026.html?utm_campaign=FR46-Produits-13%2011%2025%20EMBexpedition&amp;utm_content=21109981&amp;utm_medium=email&amp;utm_source=newsletter\" target=\"_blank\" rel=\"noreferrer noopener\">Les pochettes matelass\u00e9es en papier<\/a><\/strong>, qui permettent de passer vos petits objets ou produits plats en bo\u00eete aux lettres de mani\u00e8re responsable.<\/td>\n<\/tr>\n<\/tbody>\n<\/table>\n<\/figure>\n<h2 class=\"wp-block-heading\">Les emballages personnalis\u00e9s, pour un effet \u201cwaouh\u201d certain<\/h2>\n<p>Dernier axe qui vous permet de rendre vos emballages cadeaux e-commerce de fin d\u2019ann\u00e9e m\u00e9morables : le fait de les customiser.<\/p>\n<p><a href=\"\/blog\/emballage-personnalise\" target=\"_blank\" rel=\"noopener\">La personnalisation de vos emballages<\/a> pr\u00e9sente de nombreux b\u00e9n\u00e9fices :<\/p>\n<ul class=\"wp-block-list\">\n<li><strong>Vous soignez votre image de marque<\/strong>. Gr\u00e2ce \u00e0 la mise en avant de votre branding de marque \u00e0 m\u00eame l\u2019emballage, vos clients reconnaissent les commandes pass\u00e9es sur votre site en un clin d&rsquo;\u0153il, d\u00e8s leur livraison. L\u2019emballage personnalis\u00e9 participe ainsi \u00e0 la fid\u00e9lisation de vos clients.<\/li>\n<li><strong>Vous mettez en lumi\u00e8re une campagne sp\u00e9cifique \u00e0 cette p\u00e9riode de fin d\u2019ann\u00e9e<\/strong>. R\u00e9ductions, promotions, ou tout simplement un message pour souhaiter un joyeux No\u00ebl \u00e0 vos clients : vous y imprimez ce que vous souhaitez, et promouvez votre marque de mani\u00e8re originale.<\/li>\n<li><strong>Vous r\u00e9duisez vos co\u00fbts de transport<\/strong>, si vous travaillez sur la r\u00e9duction du poids volum\u00e9trique de vos envois.<\/li>\n<\/ul>\n<h3 class=\"wp-block-heading\">Quels types d\u2019emballages pouvez-vous personnaliser ?<\/h3>\n<figure class=\"wp-block-table\">\n<table>\n<tbody>\n<tr>\n<td><img loading=\"lazy\" decoding=\"async\" width=\"500\" height=\"327\" class=\"wp-image-6057\" style=\"width: 500px;\" src=\"https:\/\/www.raja.fr\/blog\/wp-content\/uploads\/2022\/11\/caisse-personnalisee.png\" alt=\"\" srcset=\"https:\/\/www.raja.fr\/blog\/wp-content\/uploads\/2022\/11\/caisse-personnalisee.png 350w, https:\/\/www.raja.fr\/blog\/wp-content\/uploads\/2022\/11\/caisse-personnalisee-300x196.png 300w\" sizes=\"(max-width: 500px) 100vw, 500px\" \/><\/td>\n<td><strong><a href=\"https:\/\/www.raja.fr\/emballages-personnalises_cms_000045.html\" target=\"_blank\" rel=\"noreferrer noopener\">Les caisses et bo\u00eetes<\/a><\/strong>, dont vous pouvez personnaliser les couleurs (par impression), ou bien sur lesquelles vous pouvez inscrire un message, \u00e0 l\u2019int\u00e9rieur ou \u00e0 l\u2019ext\u00e9rieur, par impression ou par embossage.<\/td>\n<\/tr>\n<tr>\n<td><img loading=\"lazy\" decoding=\"async\" width=\"500\" height=\"314\" class=\"wp-image-4839\" style=\"width: 500px;\" src=\"https:\/\/www.raja.fr\/blog\/wp-content\/uploads\/2022\/08\/image4-1.png\" alt=\"pochettes et enveloppes personnalis\u00e9es\" srcset=\"https:\/\/www.raja.fr\/blog\/wp-content\/uploads\/2022\/08\/image4-1.png 430w, https:\/\/www.raja.fr\/blog\/wp-content\/uploads\/2022\/08\/image4-1-300x188.png 300w\" sizes=\"(max-width: 500px) 100vw, 500px\" \/><\/td>\n<td><strong><a href=\"https:\/\/www.raja.fr\/emballages-personnalises_cms_000045.html\" target=\"_blank\" rel=\"noreferrer noopener\">Les pochettes et enveloppes<\/a><\/strong>, qui peuvent \u00e9galement \u00eatre customis\u00e9es pour produire un effet \u201cwaouh\u201d.<\/td>\n<\/tr>\n<tr>\n<td><img loading=\"lazy\" decoding=\"async\" width=\"500\" height=\"326\" class=\"wp-image-4820\" style=\"width: 500px;\" src=\"https:\/\/www.raja.fr\/blog\/wp-content\/uploads\/2022\/08\/image3-1.png\" alt=\"rubans adh\u00e9sifs personnalisables\" srcset=\"https:\/\/www.raja.fr\/blog\/wp-content\/uploads\/2022\/08\/image3-1.png 430w, https:\/\/www.raja.fr\/blog\/wp-content\/uploads\/2022\/08\/image3-1-300x195.png 300w\" sizes=\"(max-width: 500px) 100vw, 500px\" \/><\/td>\n<td><a href=\"https:\/\/www.raja.fr\/rajaprint#\/?Filter=ADH\" target=\"_blank\" rel=\"noreferrer noopener\"><strong>Les rubans adh\u00e9sifs<\/strong><\/a>\u00a0qui servent \u00e0 s\u00e9curiser vos colis, qui sont personnalisables avec un message sp\u00e9cifique ou votre logo, qu\u2019ils soient en polypropyl\u00e8ne, en PVC ou en papier kraft.<\/td>\n<\/tr>\n<\/tbody>\n<\/table>\n<\/figure>\n<p>Vous avez \u00e9galement la possibilit\u00e9 d\u2019aller plus loin, avec un emballage sur-mesure. Par ce biais, l\u2019emballage lui-m\u00eame est 100% personnalis\u00e9, en termes de forme et de volume.<\/p>\n<p>Appliquez d\u00e8s maintenant ces bonnes pratiques pour choisir vos emballages e-commerce pour cette fin d\u2019ann\u00e9e, et enchantez l\u2019exp\u00e9rience que vivent vos clients vis-\u00e0-vis de votre marque !<\/p>\n<p><span id=\"hs-cta-wrapper-0f99b08f-cf31-447d-a0c3-f796cdd079d9\" class=\"hs-cta-wrapper\"><span id=\"hs-cta-0f99b08f-cf31-447d-a0c3-f796cdd079d9\" class=\"hs-cta-node hs-cta-0f99b08f-cf31-447d-a0c3-f796cdd079d9\"><!-- [if lte IE 8]&gt;--><\/span><\/span><\/p>\n<div id=\"hs-cta-ie-element\"><\/div>\n<figure class=\"wp-block-image\"><a href=\"https:\/\/cta-redirect.hubspot.com\/cta\/redirect\/4002043\/0f99b08f-cf31-447d-a0c3-f796cdd079d9\" target=\"_blank\" rel=\"noopener\"><img loading=\"lazy\" decoding=\"async\" src=\"https:\/\/no-cache.hubspot.com\/cta\/default\/4002043\/0f99b08f-cf31-447d-a0c3-f796cdd079d9.png\" alt=\"New Call-to-action\" \/><\/a><\/figure>\n","protected":false},"excerpt":{"rendered":"<p>En tant qu\u2019e-commer\u00e7ant, les f\u00eates de fin d&rsquo;ann\u00e9e sont un grand moment : c\u2019est l\u00e0 que vous r\u00e9alisez une partie significative de votre chiffre d\u2019affaires, mais \u00e9galement la p\u00e9riode o\u00f9 [&#8230;]<\/p>\n","protected":false},"author":16,"featured_media":6063,"comment_status":"open","ping_status":"open","sticky":false,"template":"","format":"standard","meta":{"_acf_changed":false,"content-type":"","footnotes":""},"categories":[32,75],"tags":[15,16,11,34],"class_list":["post-6046","post","type-post","status-publish","format-standard","has-post-thumbnail","hentry","category-e-commerce-retail","category-emballage-expeditions","tag-conseils-produits","tag-e-commerce","tag-emballages","tag-experience-client"],"acf":[],"yoast_head":"\n<title>Quels emballages cadeaux e-commerce pour ravir vos clients en fin d\u2019ann\u00e9e ? - Blog RAJA FR<\/title>\n<meta name=\"description\" content=\"Les cl\u00e9s d\u2019emballages cadeaux professionnels qui raviront vos clients en cette p\u00e9riode de f\u00eates, et des exemples pour vous inspirer\" \/>\n<meta name=\"robots\" content=\"index, follow, max-snippet:-1, max-image-preview:large, max-video-preview:-1\" \/>\n<link rel=\"canonical\" href=\"https:\/\/www.raja.fr\/blog\/emballage-cadeau-e-commerce-fin-annee\" \/>\n<meta property=\"og:locale\" content=\"fr_FR\" \/>\n<meta property=\"og:type\" content=\"article\" \/>\n<meta property=\"og:title\" content=\"Quels emballages cadeaux e-commerce pour ravir vos clients en fin d\u2019ann\u00e9e ? - Blog RAJA FR\" \/>\n<meta property=\"og:description\" content=\"Les cl\u00e9s d\u2019emballages cadeaux professionnels qui raviront vos clients en cette p\u00e9riode de f\u00eates, et des exemples pour vous inspirer\" \/>\n<meta property=\"og:url\" content=\"https:\/\/www.raja.fr\/blog\/emballage-cadeau-e-commerce-fin-annee\" \/>\n<meta property=\"og:site_name\" content=\"Blog RAJA FR\" \/>\n<meta property=\"article:published_time\" content=\"2022-11-12T14:20:24+00:00\" \/>\n<meta property=\"article:modified_time\" content=\"2026-03-12T14:29:57+00:00\" \/>\n<meta property=\"og:image\" content=\"https:\/\/www.raja.fr\/blog\/wp-content\/uploads\/2022\/11\/emballages-cadeau-fin-annee.jpeg\" \/>\n\t<meta property=\"og:image:width\" content=\"1008\" \/>\n\t<meta property=\"og:image:height\" content=\"672\" \/>\n\t<meta property=\"og:image:type\" content=\"image\/jpeg\" \/>\n<meta name=\"author\" content=\"eleonor\" \/>\n<meta name=\"twitter:card\" content=\"summary_large_image\" \/>\n<meta name=\"twitter:label1\" content=\"\u00c9crit par\" \/>\n\t<meta name=\"twitter:data1\" content=\"eleonor\" \/>\n\t<meta name=\"twitter:label2\" content=\"Dur\u00e9e de lecture estim\u00e9e\" \/>\n\t<meta name=\"twitter:data2\" content=\"10 minutes\" \/>\n<script type=\"application\/ld+json\" class=\"yoast-schema-graph\">{\n\t    \"@context\": \"https:\/\/schema.org\",\n\t    \"@graph\": [\n\t        {\n\t            \"@type\": \"WebPage\",\n\t            \"@id\": \"https:\/\/www.raja.fr\/blog\/emballage-cadeau-e-commerce-fin-annee\",\n\t            \"url\": \"https:\/\/www.raja.fr\/blog\/emballage-cadeau-e-commerce-fin-annee\",\n\t            \"name\": \"Quels emballages cadeaux e-commerce pour ravir vos clients en fin d\u2019ann\u00e9e ? - Blog RAJA FR\",\n\t            \"isPartOf\": {\n\t                \"@id\": \"https:\/\/www.raja.fr\/blog\/#website\"\n\t            },\n\t            \"primaryImageOfPage\": {\n\t                \"@id\": \"https:\/\/www.raja.fr\/blog\/emballage-cadeau-e-commerce-fin-annee#primaryimage\"\n\t            },\n\t            \"image\": {\n\t                \"@id\": \"https:\/\/www.raja.fr\/blog\/emballage-cadeau-e-commerce-fin-annee#primaryimage\"\n\t            },\n\t            \"thumbnailUrl\": \"https:\/\/www.raja.fr\/blog\/wp-content\/uploads\/2022\/11\/emballages-cadeau-fin-annee.jpeg\",\n\t            \"datePublished\": \"2022-11-12T14:20:24+00:00\",\n\t            \"dateModified\": \"2026-03-12T14:29:57+00:00\",\n\t            \"author\": {\n\t                \"@id\": \"https:\/\/www.raja.fr\/blog\/#\/schema\/person\/07e3ad93477b11df54af80fd13759af6\"\n\t            },\n\t            \"description\": \"Les cl\u00e9s d\u2019emballages cadeaux professionnels qui raviront vos clients en cette p\u00e9riode de f\u00eates, et des exemples pour vous inspirer\",\n\t            \"inLanguage\": \"fr-FR\",\n\t            \"potentialAction\": [\n\t                {\n\t                    \"@type\": \"ReadAction\",\n\t                    \"target\": [\n\t                        \"https:\/\/www.raja.fr\/blog\/emballage-cadeau-e-commerce-fin-annee\"\n\t                    ]\n\t                }\n\t            ]\n\t        },\n\t        {\n\t            \"@type\": \"ImageObject\",\n\t            \"inLanguage\": \"fr-FR\",\n\t            \"@id\": \"https:\/\/www.raja.fr\/blog\/emballage-cadeau-e-commerce-fin-annee#primaryimage\",\n\t            \"url\": \"https:\/\/www.raja.fr\/blog\/wp-content\/uploads\/2022\/11\/emballages-cadeau-fin-annee.jpeg\",\n\t            \"contentUrl\": \"https:\/\/www.raja.fr\/blog\/wp-content\/uploads\/2022\/11\/emballages-cadeau-fin-annee.jpeg\",\n\t            \"width\": 1008,\n\t            \"height\": 672,\n\t            \"caption\": \"ArtistGNDphotography via Getty Images\"\n\t        },\n\t        {\n\t            \"@type\": \"WebSite\",\n\t            \"@id\": \"https:\/\/www.raja.fr\/blog\/#website\",\n\t            \"url\": \"https:\/\/www.raja.fr\/blog\/\",\n\t            \"name\": \"Blog RAJA FR\",\n\t            \"description\": \"Les derni\u00e8res tendances emballage, logististique et E-commerce\",\n\t            \"potentialAction\": [\n\t                {\n\t                    \"@type\": \"SearchAction\",\n\t                    \"target\": {\n\t                        \"@type\": \"EntryPoint\",\n\t                        \"urlTemplate\": \"https:\/\/www.raja.fr\/blog\/?s={search_term_string}\"\n\t                    },\n\t                    \"query-input\": {\n\t                        \"@type\": \"PropertyValueSpecification\",\n\t                        \"valueRequired\": true,\n\t                        \"valueName\": \"search_term_string\"\n\t                    }\n\t                }\n\t            ],\n\t            \"inLanguage\": \"fr-FR\"\n\t        },\n\t        {\n\t            \"@type\": \"Person\",\n\t            \"@id\": \"https:\/\/www.raja.fr\/blog\/#\/schema\/person\/07e3ad93477b11df54af80fd13759af6\",\n\t            \"name\": \"eleonor\",\n\t            \"image\": {\n\t                \"@type\": \"ImageObject\",\n\t                \"inLanguage\": \"fr-FR\",\n\t                \"@id\": \"https:\/\/www.raja.fr\/blog\/#\/schema\/person\/image\/\",\n\t                \"url\": \"https:\/\/secure.gravatar.com\/avatar\/1aa536a845c5780e3686cb173633385c?s=96&d=mm&r=g\",\n\t                \"contentUrl\": \"https:\/\/secure.gravatar.com\/avatar\/1aa536a845c5780e3686cb173633385c?s=96&d=mm&r=g\",\n\t                \"caption\": \"eleonor\"\n\t            },\n\t            \"url\": \"https:\/\/www.raja.fr\/blog\/author\/eleonor\"\n\t        }\n\t    ]\n\t}<\/script>\n","yoast_head_json":{"title":"Quels emballages cadeaux e-commerce pour ravir vos clients en fin d\u2019ann\u00e9e ? - Blog RAJA FR","description":"Les cl\u00e9s d\u2019emballages cadeaux professionnels qui raviront vos clients en cette p\u00e9riode de f\u00eates, et des exemples pour vous inspirer","robots":{"index":"index","follow":"follow","max-snippet":"max-snippet:-1","max-image-preview":"max-image-preview:large","max-video-preview":"max-video-preview:-1"},"canonical":"https:\/\/www.raja.fr\/blog\/emballage-cadeau-e-commerce-fin-annee","og_locale":"fr_FR","og_type":"article","og_title":"Quels emballages cadeaux e-commerce pour ravir vos clients en fin d\u2019ann\u00e9e ? - Blog RAJA FR","og_description":"Les cl\u00e9s d\u2019emballages cadeaux professionnels qui raviront vos clients en cette p\u00e9riode de f\u00eates, et des exemples pour vous inspirer","og_url":"https:\/\/www.raja.fr\/blog\/emballage-cadeau-e-commerce-fin-annee","og_site_name":"Blog RAJA FR","article_published_time":"2022-11-12T14:20:24+00:00","article_modified_time":"2026-03-12T14:29:57+00:00","og_image":[{"width":1008,"height":672,"url":"https:\/\/www.raja.fr\/blog\/wp-content\/uploads\/2022\/11\/emballages-cadeau-fin-annee.jpeg","type":"image\/jpeg"}],"author":"eleonor","twitter_card":"summary_large_image","twitter_misc":{"\u00c9crit par":"eleonor","Dur\u00e9e de lecture estim\u00e9e":"10 minutes"},"schema":{"@context":"https:\/\/schema.org","@graph":[{"@type":"WebPage","@id":"https:\/\/www.raja.fr\/blog\/emballage-cadeau-e-commerce-fin-annee","url":"https:\/\/www.raja.fr\/blog\/emballage-cadeau-e-commerce-fin-annee","name":"Quels emballages cadeaux e-commerce pour ravir vos clients en fin d\u2019ann\u00e9e ? - Blog RAJA FR","isPartOf":{"@id":"https:\/\/www.raja.fr\/blog\/#website"},"primaryImageOfPage":{"@id":"https:\/\/www.raja.fr\/blog\/emballage-cadeau-e-commerce-fin-annee#primaryimage"},"image":{"@id":"https:\/\/www.raja.fr\/blog\/emballage-cadeau-e-commerce-fin-annee#primaryimage"},"thumbnailUrl":"https:\/\/www.raja.fr\/blog\/wp-content\/uploads\/2022\/11\/emballages-cadeau-fin-annee.jpeg","datePublished":"2022-11-12T14:20:24+00:00","dateModified":"2026-03-12T14:29:57+00:00","author":{"@id":"https:\/\/www.raja.fr\/blog\/#\/schema\/person\/07e3ad93477b11df54af80fd13759af6"},"description":"Les cl\u00e9s d\u2019emballages cadeaux professionnels qui raviront vos clients en cette p\u00e9riode de f\u00eates, et des exemples pour vous inspirer","inLanguage":"fr-FR","potentialAction":[{"@type":"ReadAction","target":["https:\/\/www.raja.fr\/blog\/emballage-cadeau-e-commerce-fin-annee"]}]},{"@type":"ImageObject","inLanguage":"fr-FR","@id":"https:\/\/www.raja.fr\/blog\/emballage-cadeau-e-commerce-fin-annee#primaryimage","url":"https:\/\/www.raja.fr\/blog\/wp-content\/uploads\/2022\/11\/emballages-cadeau-fin-annee.jpeg","contentUrl":"https:\/\/www.raja.fr\/blog\/wp-content\/uploads\/2022\/11\/emballages-cadeau-fin-annee.jpeg","width":1008,"height":672,"caption":"ArtistGNDphotography via Getty Images"},{"@type":"WebSite","@id":"https:\/\/www.raja.fr\/blog\/#website","url":"https:\/\/www.raja.fr\/blog\/","name":"Blog RAJA FR","description":"Les derni\u00e8res tendances emballage, logististique et E-commerce","potentialAction":[{"@type":"SearchAction","target":{"@type":"EntryPoint","urlTemplate":"https:\/\/www.raja.fr\/blog\/?s={search_term_string}"},"query-input":{"@type":"PropertyValueSpecification","valueRequired":true,"valueName":"search_term_string"}}],"inLanguage":"fr-FR"},{"@type":"Person","@id":"https:\/\/www.raja.fr\/blog\/#\/schema\/person\/07e3ad93477b11df54af80fd13759af6","name":"eleonor","image":{"@type":"ImageObject","inLanguage":"fr-FR","@id":"https:\/\/www.raja.fr\/blog\/#\/schema\/person\/image\/","url":"https:\/\/secure.gravatar.com\/avatar\/1aa536a845c5780e3686cb173633385c?s=96&d=mm&r=g","contentUrl":"https:\/\/secure.gravatar.com\/avatar\/1aa536a845c5780e3686cb173633385c?s=96&d=mm&r=g","caption":"eleonor"},"url":"https:\/\/www.raja.fr\/blog\/author\/eleonor"}]}},"_links":{"self":[{"href":"https:\/\/www.raja.fr\/blog\/wp-json\/wp\/v2\/posts\/6046"}],"collection":[{"href":"https:\/\/www.raja.fr\/blog\/wp-json\/wp\/v2\/posts"}],"about":[{"href":"https:\/\/www.raja.fr\/blog\/wp-json\/wp\/v2\/types\/post"}],"author":[{"embeddable":true,"href":"https:\/\/www.raja.fr\/blog\/wp-json\/wp\/v2\/users\/16"}],"replies":[{"embeddable":true,"href":"https:\/\/www.raja.fr\/blog\/wp-json\/wp\/v2\/comments?post=6046"}],"version-history":[{"count":7,"href":"https:\/\/www.raja.fr\/blog\/wp-json\/wp\/v2\/posts\/6046\/revisions"}],"predecessor-version":[{"id":11089,"href":"https:\/\/www.raja.fr\/blog\/wp-json\/wp\/v2\/posts\/6046\/revisions\/11089"}],"wp:featuredmedia":[{"embeddable":true,"href":"https:\/\/www.raja.fr\/blog\/wp-json\/wp\/v2\/media\/6063"}],"wp:attachment":[{"href":"https:\/\/www.raja.fr\/blog\/wp-json\/wp\/v2\/media?parent=6046"}],"wp:term":[{"taxonomy":"category","embeddable":true,"href":"https:\/\/www.raja.fr\/blog\/wp-json\/wp\/v2\/categories?post=6046"},{"taxonomy":"post_tag","embeddable":true,"href":"https:\/\/www.raja.fr\/blog\/wp-json\/wp\/v2\/tags?post=6046"}],"curies":[{"name":"wp","href":"https:\/\/api.w.org\/{rel}","templated":true}]}}