{"id":6380,"date":"2023-01-19T11:43:33","date_gmt":"2023-01-19T10:43:33","guid":{"rendered":"https:\/\/www.raja.fr\/blog\/?p=6380"},"modified":"2026-03-12T15:21:54","modified_gmt":"2026-03-12T14:21:54","slug":"tendances-esante-packaging-medicaux","status":"publish","type":"post","link":"https:\/\/www.raja.fr\/blog\/tendances-esante-packaging-medicaux","title":{"rendered":"Les tendances e-sant\u00e9 et packaging m\u00e9dicaux"},"content":{"rendered":"<p>La crise sanitaire du Covid-19 a durablement boulevers\u00e9 le secteur de la sant\u00e9 et de la pharmaceutique, changeant radicalement le quotidien des laboratoires, praticiens, soignants, \u00e9tablissements de sant\u00e9, h\u00f4pitaux et cliniques.<\/p>\n<p>M\u00eame le comportement des patients lui-m\u00eame a \u00e9t\u00e9 r\u00e9volutionn\u00e9.<br \/>\nL\u2019explosion du e-commerce, favoris\u00e9e par les multiples confinements, a rendu les services d\u2019e-sant\u00e9 et d\u2019e-pharmacie prosp\u00e8res.<\/p>\n<p><strong>Quelles sont donc les tendances du secteur de l\u2019e-sant\u00e9\u00a0 ?<\/strong> Et comment les int\u00e9grer \u00e0 votre propre strat\u00e9gie logistique, en tant qu\u2019e-commer\u00e7ant ?<\/p>\n<p>D\u00e9couvrez les r\u00e9ponses \u00e0 ces questions ici.<\/p>\n<h2>L\u2019e-sant\u00e9 : une tendance pouss\u00e9e par un march\u00e9 \u00e0 la croissance exponentielle<\/h2>\n<p>Depuis plusieurs ann\u00e9es d\u00e9j\u00e0, le secteur de l\u2019e-sant\u00e9 ne cesse de cro\u00eetre. Et cette tendance du secteur de la sant\u00e9 ne cessera pas !<\/p>\n<p>En effet, selon les pr\u00e9visions du <a href=\"https:\/\/fr.statista.com\/infographie\/28123\/ventes-dans-le-secteur-e-sante-numerique\/\" target=\"_blank\" rel=\"noopener\">Health Market Outlook de Statista<\/a>, <strong>entre 2021 et 2025, il est pr\u00e9vu que le march\u00e9 de l\u2019e-sant\u00e9 pour les consommateurs augmente de plus de 60%.<\/strong> Une hausse qui permettra d\u2019atteindre les 78 milliards d\u2019euros d\u2019ici 2025.<\/p>\n<p>Bon \u00e0 noter : dans ce secteur, ce sont la pharmacie e-commerce (soit la vente de m\u00e9dicaments sans ordonnance) et les consultations m\u00e9dicales en ligne qui repr\u00e9sentent la majeure partie des revenus (plus de trois quarts des revenus du march\u00e9).<\/p>\n<p><span id=\"hs-cta-wrapper-5c9c3d7b-e8f0-4355-95ec-16f2c4dd6052\" class=\"hs-cta-wrapper\"><span id=\"hs-cta-5c9c3d7b-e8f0-4355-95ec-16f2c4dd6052\" class=\"hs-cta-node hs-cta-5c9c3d7b-e8f0-4355-95ec-16f2c4dd6052\"><!-- [if lte IE 8]&gt;--><\/span><\/span><\/p>\n<h2>Les produits et services de sant\u00e9 qui exploseront<\/h2>\n<p>Fort de cette croissance, le domaine de la sant\u00e9 en ligne verra plusieurs tendances se d\u00e9gager.<\/p>\n<p>Tout d\u2019abord, il est ais\u00e9ment pr\u00e9visible que <strong>la t\u00e9l\u00e9consultation, la t\u00e9l\u00e9m\u00e9decine et la t\u00e9l\u00e9expertise continuent \u00e0 gagner du terrain sur l\u2019ann\u00e9e<\/strong>, tant elles sont entr\u00e9es dans les habitudes de consommation de services de sant\u00e9 des individus.<\/p>\n<p>Mais les autres tendances de sant\u00e9 de l\u2019ann\u00e9e qui vont continuer \u00e0 prosp\u00e9rer seront bien <strong>la <em>healthtech<\/em> et l\u2019IoT (les objets <a href=\"\/blog\/emballage-connecte\" target=\"_blank\" rel=\"noopener\">connect\u00e9s<\/a>)<\/strong> appliqu\u00e9s \u00e0 ce secteur d\u2019activit\u00e9. Montres connect\u00e9es, balances connect\u00e9es, et autres dispositifs technologiques li\u00e9s \u00e0 la sant\u00e9 gagnent des parts de march\u00e9 chaque ann\u00e9e.<\/p>\n<p>C\u2019est ainsi qu\u2019<a href=\"https:\/\/www.usinenouvelle.com\/editorial\/mobilite-sante-energie-quelles-sont-les-grandes-tendances-du-ces-2023.N2082196\" target=\"_blank\" rel=\"noopener\">au CES de Las Vegas 2023<\/a>, plusieurs entreprises de l\u2019e-sant\u00e9 se d\u00e9marquent, et notamment des startups innovantes. Par exemple, l\u2019entreprise fran\u00e7aise Withings y pr\u00e9sente sa technologie U-Scan, un outil d\u2019analyse d\u2019urine destin\u00e9 aux toilettes domestiques qui promet de r\u00e9volutionner le parcours de soins des patients.<\/p>\n<p>Un autre exemple int\u00e9ressant : le <a href=\"https:\/\/www.graphicstyle.fr\/sante-medical\/un-packaging-au-service-de-la-sante\/\" target=\"_blank\" rel=\"noopener\">Sugar Daddy Kit<\/a>, un emballage m\u00e9dical connect\u00e9, qui permet de simplifier la vie des personnes hyper-gyc\u00e9miques en leur fournissant en un packaging simple et compact tous les outils m\u00e9dicaux dont ils ont besoin pour se traiter.<\/p>\n<p>Enfin, <strong>le e-commerce de la sant\u00e9, de la pharmacie et de la parapharmacie s\u2019installe durablement dans les tendances de sant\u00e9 2023<\/strong>. On peut pr\u00e9dire sans grande surprise que va continuer \u00e0 se d\u00e9velopper la livraison de produits pharmaceutiques et parapharmaceutiques, soit en livraison rapide via une logistique urbaine et p\u00e9riurbaine, soit par une livraison plus traditionnelle via des sites 100% d\u00e9di\u00e9s \u00e0 la livraison de m\u00e9dicaments et dispositifs m\u00e9dicaux.<\/p>\n<h2>Un \u201cretailisation\u201d du secteur de la sant\u00e9 qui vous demande de vous adapter<\/h2>\n<p>Derni\u00e8re tendance du secteur que les professionnels de sant\u00e9 comme les e-commer\u00e7ants du domaine doivent prendre en compte :<strong> la \u201cretailisation\u201d des attentes des patients<\/strong>.<\/p>\n<p>En effet, dans le secteur de la sant\u00e9 comme dans les autres secteurs, les consommateurs sont de plus en plus exigeants vis-\u00e0-vis de <a href=\"\/blog\/comment-ameliorer-votre-experience-client-en-ligne\" target=\"_blank\" rel=\"noopener\">l\u2019exp\u00e9rience client<\/a> qui leur est propos\u00e9e. Ils souhaitent <strong>vivre une exp\u00e9rience d\u2019achat similaire \u00e0 celle qu\u2019ils vivent dans le retail<\/strong>.<\/p>\n<p>D\u2019o\u00f9 l\u2019int\u00e9r\u00eat pour vous, e-commer\u00e7ants dans ce secteur, de soigner votre logistique pour leur offrir cette exp\u00e9rience.<\/p>\n<p>Pour ce faire, prenez soin d\u2019int\u00e9grer ces quelques cl\u00e9s de succ\u00e8s \u00e0 votre strat\u00e9gie logistique :<\/p>\n<ul>\n<li><strong>Mettez bien en avant les conditions de <a href=\"\/blog\/optimisation-livraison-e-commerce\" target=\"_blank\" rel=\"noopener\">livraison e-commerce<\/a> de vos produits sur votre site<\/strong>. D\u00e9lais de livraison ou conditions de retour de commande sont autant d\u2019\u00e9l\u00e9ments-cl\u00e9s pour stimuler la vente de vos produits en ligne.<\/li>\n<\/ul>\n<ul>\n<li><strong>S\u00e9lectionnez les bons <a href=\"\/blog\/solution-livraison-e-commerce\" target=\"_blank\" rel=\"noopener\">prestataires de transport e-commerce<\/a><\/strong>, pour livrer de mani\u00e8re fiable \u00e0 vos clients. Ceux-ci doivent notamment respecter les d\u00e9lais de livraison que vous annoncez sur votre site, mais \u00e9galement pouvoir \u00e9ventuellement livrer des produits sensibles aux variations de temp\u00e9rature si vous en proposez dans votre catalogue.<\/li>\n<\/ul>\n<ul>\n<li><strong>Choisissez les bons emballages pour livrer vos clients de mani\u00e8re optimale<\/strong>. Par exemple, des emballages isothermes pour les produits de sant\u00e9 qui n\u00e9cessitent d\u2019\u00eatre conserv\u00e9s \u00e0 temp\u00e9rature n\u00e9gative, ou des emballages qui passent directement en bo\u00eete aux lettres pour les petites commandes, peuvent significativement vous aider \u00e0 am\u00e9liorer votre exp\u00e9rience client \u00e0 la livraison.<\/li>\n<\/ul>\n<ul>\n<li><strong>S\u00e9lectionnez des packagings \u00e9co-responsables<\/strong>. Dans le domaine de la sant\u00e9 comme dans les autres, les consommateurs sont attentifs \u00e0 l\u2019impact environnemental de leurs achats. C\u2019est pourquoi il est crucial de vous int\u00e9resser au caract\u00e8re durable de vos emballages. Pour plus d\u2019informations sur le sujet, <a href=\"\/blog\/logistique-durable\" target=\"_blank\" rel=\"noopener\">consultez notre article sur la m\u00e9thode 5R<\/a>, qui vous permet de rendre vos packagings plus vertueux pour l\u2019environnement.<\/li>\n<\/ul>\n<ul>\n<li><strong>Inspirez-vous du secteur de la grande distribution pour rendre vos packagings attractifs<\/strong>. Misez sur l\u2019emballage personnalis\u00e9, qui vous permet de customiser son aspect visuel, en ajoutant la couleur et le logo de votre marque, ainsi que des slogans dynamiques. Vous pouvez \u00e9galement d\u00e9dier une partie de l\u2019emballage \u00e0 la signal\u00e9tique qui permet de bien transporter vos produits : sens du transport, n\u00e9cessit\u00e9 de respecter une temp\u00e9rature sp\u00e9cifique\u2026<\/li>\n<\/ul>\n<p>&nbsp;<\/p>\n<p>Besoin d\u2019en savoir plus sur ce type d\u2019emballage ? <a href=\"\/blog\/emballage-medical-pharmaceutique\" target=\"_blank\" rel=\"noopener\">D\u00e9couvrez tous les emballages m\u00e9dicaux et pharmaceutiques dont vous pourriez avoir besoin ici<\/a> !<\/p>\n<p><span id=\"hs-cta-wrapper-285c0af3-bb25-4f6c-9a3b-68251772b029\" class=\"hs-cta-wrapper\"><span id=\"hs-cta-285c0af3-bb25-4f6c-9a3b-68251772b029\" class=\"hs-cta-node hs-cta-285c0af3-bb25-4f6c-9a3b-68251772b029\"><!-- [if lte IE 8]&gt;--><\/span><\/span><\/p>\n<div id=\"hs-cta-ie-element\"><\/div>\n<p><a href=\"https:\/\/cta-redirect.hubspot.com\/cta\/redirect\/4002043\/285c0af3-bb25-4f6c-9a3b-68251772b029\" target=\"_blank\" rel=\"noopener\"><img loading=\"lazy\" decoding=\"async\" id=\"hs-cta-img-285c0af3-bb25-4f6c-9a3b-68251772b029\" class=\"hs-cta-img\" style=\"border-width: 0px;\" src=\"https:\/\/no-cache.hubspot.com\/cta\/default\/4002043\/285c0af3-bb25-4f6c-9a3b-68251772b029.png\" alt=\"T\u00e9l\u00e9charger le guide\" width=\"2019\" height=\"1027\" \/><\/a><\/p>\n","protected":false},"excerpt":{"rendered":"<p>La crise sanitaire du Covid-19 a durablement boulevers\u00e9 le secteur de la sant\u00e9 et de la pharmaceutique, changeant radicalement le quotidien des laboratoires, praticiens, soignants, \u00e9tablissements de sant\u00e9, h\u00f4pitaux et [&#8230;]<\/p>\n","protected":false},"author":16,"featured_media":6382,"comment_status":"open","ping_status":"open","sticky":false,"template":"","format":"standard","meta":{"_acf_changed":false,"content-type":"","footnotes":""},"categories":[32],"tags":[16,11,34,38],"class_list":["post-6380","post","type-post","status-publish","format-standard","has-post-thumbnail","hentry","category-e-commerce-retail","tag-e-commerce","tag-emballages","tag-experience-client","tag-logistique"],"acf":[],"yoast_head":"\n<title>Les tendances e-sant\u00e9 et packaging m\u00e9dicaux - Blog RAJA FR<\/title>\n<meta name=\"description\" content=\"Quelles sont les tendances du secteur de l\u2019e-sant\u00e9 ? Et comment les int\u00e9grer \u00e0 votre propre strat\u00e9gie en tant qu\u2019e-commer\u00e7ant ?\" \/>\n<meta name=\"robots\" content=\"index, follow, max-snippet:-1, max-image-preview:large, max-video-preview:-1\" \/>\n<link rel=\"canonical\" href=\"https:\/\/www.raja.fr\/blog\/tendances-esante-packaging-medicaux\" \/>\n<meta property=\"og:locale\" content=\"fr_FR\" \/>\n<meta property=\"og:type\" content=\"article\" \/>\n<meta property=\"og:title\" content=\"Les tendances e-sant\u00e9 et packaging m\u00e9dicaux - Blog RAJA FR\" \/>\n<meta property=\"og:description\" content=\"Quelles sont les tendances du secteur de l\u2019e-sant\u00e9 ? Et comment les int\u00e9grer \u00e0 votre propre strat\u00e9gie en tant qu\u2019e-commer\u00e7ant ?\" \/>\n<meta property=\"og:url\" content=\"https:\/\/www.raja.fr\/blog\/tendances-esante-packaging-medicaux\" \/>\n<meta property=\"og:site_name\" content=\"Blog RAJA FR\" \/>\n<meta property=\"article:published_time\" content=\"2023-01-19T10:43:33+00:00\" \/>\n<meta property=\"article:modified_time\" content=\"2026-03-12T14:21:54+00:00\" \/>\n<meta property=\"og:image\" content=\"https:\/\/www.raja.fr\/blog\/wp-content\/uploads\/2023\/01\/tendances-sante-2023.jpeg\" \/>\n\t<meta property=\"og:image:width\" content=\"1000\" \/>\n\t<meta property=\"og:image:height\" content=\"667\" \/>\n\t<meta property=\"og:image:type\" content=\"image\/jpeg\" \/>\n<meta name=\"author\" content=\"eleonor\" \/>\n<meta name=\"twitter:card\" content=\"summary_large_image\" \/>\n<meta name=\"twitter:label1\" content=\"\u00c9crit par\" \/>\n\t<meta name=\"twitter:data1\" content=\"eleonor\" \/>\n\t<meta name=\"twitter:label2\" content=\"Dur\u00e9e de lecture estim\u00e9e\" \/>\n\t<meta name=\"twitter:data2\" content=\"5 minutes\" \/>\n<script type=\"application\/ld+json\" class=\"yoast-schema-graph\">{\n\t    \"@context\": \"https:\/\/schema.org\",\n\t    \"@graph\": [\n\t        {\n\t            \"@type\": \"WebPage\",\n\t            \"@id\": \"https:\/\/www.raja.fr\/blog\/tendances-esante-packaging-medicaux\",\n\t            \"url\": \"https:\/\/www.raja.fr\/blog\/tendances-esante-packaging-medicaux\",\n\t            \"name\": \"Les tendances e-sant\u00e9 et packaging m\u00e9dicaux - Blog RAJA FR\",\n\t            \"isPartOf\": {\n\t                \"@id\": \"https:\/\/www.raja.fr\/blog\/#website\"\n\t            },\n\t            \"primaryImageOfPage\": {\n\t                \"@id\": \"https:\/\/www.raja.fr\/blog\/tendances-esante-packaging-medicaux#primaryimage\"\n\t            },\n\t            \"image\": {\n\t                \"@id\": \"https:\/\/www.raja.fr\/blog\/tendances-esante-packaging-medicaux#primaryimage\"\n\t            },\n\t            \"thumbnailUrl\": \"https:\/\/www.raja.fr\/blog\/wp-content\/uploads\/2023\/01\/tendances-sante-2023.jpeg\",\n\t            \"datePublished\": \"2023-01-19T10:43:33+00:00\",\n\t            \"dateModified\": \"2026-03-12T14:21:54+00:00\",\n\t            \"author\": {\n\t                \"@id\": \"https:\/\/www.raja.fr\/blog\/#\/schema\/person\/07e3ad93477b11df54af80fd13759af6\"\n\t            },\n\t            \"description\": \"Quelles sont les tendances du secteur de l\u2019e-sant\u00e9 ? Et comment les int\u00e9grer \u00e0 votre propre strat\u00e9gie en tant qu\u2019e-commer\u00e7ant ?\",\n\t            \"inLanguage\": \"fr-FR\",\n\t            \"potentialAction\": [\n\t                {\n\t                    \"@type\": \"ReadAction\",\n\t                    \"target\": [\n\t                        \"https:\/\/www.raja.fr\/blog\/tendances-esante-packaging-medicaux\"\n\t                    ]\n\t                }\n\t            ]\n\t        },\n\t        {\n\t            \"@type\": \"ImageObject\",\n\t            \"inLanguage\": \"fr-FR\",\n\t            \"@id\": \"https:\/\/www.raja.fr\/blog\/tendances-esante-packaging-medicaux#primaryimage\",\n\t            \"url\": \"https:\/\/www.raja.fr\/blog\/wp-content\/uploads\/2023\/01\/tendances-sante-2023.jpeg\",\n\t            \"contentUrl\": \"https:\/\/www.raja.fr\/blog\/wp-content\/uploads\/2023\/01\/tendances-sante-2023.jpeg\",\n\t            \"width\": 1000,\n\t            \"height\": 667,\n\t            \"caption\": \"Sigrid Gombert via Getty Images\"\n\t        },\n\t        {\n\t            \"@type\": \"WebSite\",\n\t            \"@id\": \"https:\/\/www.raja.fr\/blog\/#website\",\n\t            \"url\": \"https:\/\/www.raja.fr\/blog\/\",\n\t            \"name\": \"Blog RAJA FR\",\n\t            \"description\": \"Les derni\u00e8res tendances emballage, logististique et E-commerce\",\n\t            \"potentialAction\": [\n\t                {\n\t                    \"@type\": \"SearchAction\",\n\t                    \"target\": {\n\t                        \"@type\": \"EntryPoint\",\n\t                        \"urlTemplate\": \"https:\/\/www.raja.fr\/blog\/?s={search_term_string}\"\n\t                    },\n\t                    \"query-input\": {\n\t                        \"@type\": \"PropertyValueSpecification\",\n\t                        \"valueRequired\": true,\n\t                        \"valueName\": \"search_term_string\"\n\t                    }\n\t                }\n\t            ],\n\t            \"inLanguage\": \"fr-FR\"\n\t        },\n\t        {\n\t            \"@type\": \"Person\",\n\t            \"@id\": \"https:\/\/www.raja.fr\/blog\/#\/schema\/person\/07e3ad93477b11df54af80fd13759af6\",\n\t            \"name\": \"eleonor\",\n\t            \"image\": {\n\t                \"@type\": \"ImageObject\",\n\t                \"inLanguage\": \"fr-FR\",\n\t                \"@id\": \"https:\/\/www.raja.fr\/blog\/#\/schema\/person\/image\/\",\n\t                \"url\": \"https:\/\/secure.gravatar.com\/avatar\/1aa536a845c5780e3686cb173633385c?s=96&d=mm&r=g\",\n\t                \"contentUrl\": \"https:\/\/secure.gravatar.com\/avatar\/1aa536a845c5780e3686cb173633385c?s=96&d=mm&r=g\",\n\t                \"caption\": \"eleonor\"\n\t            },\n\t            \"url\": \"https:\/\/www.raja.fr\/blog\/author\/eleonor\"\n\t        }\n\t    ]\n\t}<\/script>\n","yoast_head_json":{"title":"Les tendances e-sant\u00e9 et packaging m\u00e9dicaux - Blog RAJA FR","description":"Quelles sont les tendances du secteur de l\u2019e-sant\u00e9 ? Et comment les int\u00e9grer \u00e0 votre propre strat\u00e9gie en tant qu\u2019e-commer\u00e7ant ?","robots":{"index":"index","follow":"follow","max-snippet":"max-snippet:-1","max-image-preview":"max-image-preview:large","max-video-preview":"max-video-preview:-1"},"canonical":"https:\/\/www.raja.fr\/blog\/tendances-esante-packaging-medicaux","og_locale":"fr_FR","og_type":"article","og_title":"Les tendances e-sant\u00e9 et packaging m\u00e9dicaux - Blog RAJA FR","og_description":"Quelles sont les tendances du secteur de l\u2019e-sant\u00e9 ? Et comment les int\u00e9grer \u00e0 votre propre strat\u00e9gie en tant qu\u2019e-commer\u00e7ant ?","og_url":"https:\/\/www.raja.fr\/blog\/tendances-esante-packaging-medicaux","og_site_name":"Blog RAJA FR","article_published_time":"2023-01-19T10:43:33+00:00","article_modified_time":"2026-03-12T14:21:54+00:00","og_image":[{"width":1000,"height":667,"url":"https:\/\/www.raja.fr\/blog\/wp-content\/uploads\/2023\/01\/tendances-sante-2023.jpeg","type":"image\/jpeg"}],"author":"eleonor","twitter_card":"summary_large_image","twitter_misc":{"\u00c9crit par":"eleonor","Dur\u00e9e de lecture estim\u00e9e":"5 minutes"},"schema":{"@context":"https:\/\/schema.org","@graph":[{"@type":"WebPage","@id":"https:\/\/www.raja.fr\/blog\/tendances-esante-packaging-medicaux","url":"https:\/\/www.raja.fr\/blog\/tendances-esante-packaging-medicaux","name":"Les tendances e-sant\u00e9 et packaging m\u00e9dicaux - Blog RAJA FR","isPartOf":{"@id":"https:\/\/www.raja.fr\/blog\/#website"},"primaryImageOfPage":{"@id":"https:\/\/www.raja.fr\/blog\/tendances-esante-packaging-medicaux#primaryimage"},"image":{"@id":"https:\/\/www.raja.fr\/blog\/tendances-esante-packaging-medicaux#primaryimage"},"thumbnailUrl":"https:\/\/www.raja.fr\/blog\/wp-content\/uploads\/2023\/01\/tendances-sante-2023.jpeg","datePublished":"2023-01-19T10:43:33+00:00","dateModified":"2026-03-12T14:21:54+00:00","author":{"@id":"https:\/\/www.raja.fr\/blog\/#\/schema\/person\/07e3ad93477b11df54af80fd13759af6"},"description":"Quelles sont les tendances du secteur de l\u2019e-sant\u00e9 ? Et comment les int\u00e9grer \u00e0 votre propre strat\u00e9gie en tant qu\u2019e-commer\u00e7ant ?","inLanguage":"fr-FR","potentialAction":[{"@type":"ReadAction","target":["https:\/\/www.raja.fr\/blog\/tendances-esante-packaging-medicaux"]}]},{"@type":"ImageObject","inLanguage":"fr-FR","@id":"https:\/\/www.raja.fr\/blog\/tendances-esante-packaging-medicaux#primaryimage","url":"https:\/\/www.raja.fr\/blog\/wp-content\/uploads\/2023\/01\/tendances-sante-2023.jpeg","contentUrl":"https:\/\/www.raja.fr\/blog\/wp-content\/uploads\/2023\/01\/tendances-sante-2023.jpeg","width":1000,"height":667,"caption":"Sigrid Gombert via Getty Images"},{"@type":"WebSite","@id":"https:\/\/www.raja.fr\/blog\/#website","url":"https:\/\/www.raja.fr\/blog\/","name":"Blog RAJA FR","description":"Les derni\u00e8res tendances emballage, logististique et E-commerce","potentialAction":[{"@type":"SearchAction","target":{"@type":"EntryPoint","urlTemplate":"https:\/\/www.raja.fr\/blog\/?s={search_term_string}"},"query-input":{"@type":"PropertyValueSpecification","valueRequired":true,"valueName":"search_term_string"}}],"inLanguage":"fr-FR"},{"@type":"Person","@id":"https:\/\/www.raja.fr\/blog\/#\/schema\/person\/07e3ad93477b11df54af80fd13759af6","name":"eleonor","image":{"@type":"ImageObject","inLanguage":"fr-FR","@id":"https:\/\/www.raja.fr\/blog\/#\/schema\/person\/image\/","url":"https:\/\/secure.gravatar.com\/avatar\/1aa536a845c5780e3686cb173633385c?s=96&d=mm&r=g","contentUrl":"https:\/\/secure.gravatar.com\/avatar\/1aa536a845c5780e3686cb173633385c?s=96&d=mm&r=g","caption":"eleonor"},"url":"https:\/\/www.raja.fr\/blog\/author\/eleonor"}]}},"_links":{"self":[{"href":"https:\/\/www.raja.fr\/blog\/wp-json\/wp\/v2\/posts\/6380"}],"collection":[{"href":"https:\/\/www.raja.fr\/blog\/wp-json\/wp\/v2\/posts"}],"about":[{"href":"https:\/\/www.raja.fr\/blog\/wp-json\/wp\/v2\/types\/post"}],"author":[{"embeddable":true,"href":"https:\/\/www.raja.fr\/blog\/wp-json\/wp\/v2\/users\/16"}],"replies":[{"embeddable":true,"href":"https:\/\/www.raja.fr\/blog\/wp-json\/wp\/v2\/comments?post=6380"}],"version-history":[{"count":2,"href":"https:\/\/www.raja.fr\/blog\/wp-json\/wp\/v2\/posts\/6380\/revisions"}],"predecessor-version":[{"id":12462,"href":"https:\/\/www.raja.fr\/blog\/wp-json\/wp\/v2\/posts\/6380\/revisions\/12462"}],"wp:featuredmedia":[{"embeddable":true,"href":"https:\/\/www.raja.fr\/blog\/wp-json\/wp\/v2\/media\/6382"}],"wp:attachment":[{"href":"https:\/\/www.raja.fr\/blog\/wp-json\/wp\/v2\/media?parent=6380"}],"wp:term":[{"taxonomy":"category","embeddable":true,"href":"https:\/\/www.raja.fr\/blog\/wp-json\/wp\/v2\/categories?post=6380"},{"taxonomy":"post_tag","embeddable":true,"href":"https:\/\/www.raja.fr\/blog\/wp-json\/wp\/v2\/tags?post=6380"}],"curies":[{"name":"wp","href":"https:\/\/api.w.org\/{rel}","templated":true}]}}