{"id":7115,"date":"2023-06-19T10:52:31","date_gmt":"2023-06-19T08:52:31","guid":{"rendered":"https:\/\/www.raja.fr\/blog\/?p=7115"},"modified":"2025-11-25T10:42:53","modified_gmt":"2025-11-25T09:42:53","slug":"amenagement-bureau-professionnel-entrepot","status":"publish","type":"post","link":"https:\/\/www.raja.fr\/blog\/amenagement-bureau-professionnel-entrepot","title":{"rendered":"Les conseils pour l\u2019am\u00e9nagement de vos bureaux professionnels et entrep\u00f4ts"},"content":{"rendered":"<p data-pasted=\"true\">\u00c0 l\u2019\u00e8re o\u00f9 le t\u00e9l\u00e9travail s\u2019est durablement install\u00e9 dans les entreprises, bon nombre de soci\u00e9t\u00e9s continuent \u00e0 prendre soin de l\u2019am\u00e9nagement de leurs bureaux professionnels. Et pour cause cr\u00e9er un espace de travail agr\u00e9able : c\u2019est l\u00e0 un vecteur fort pour le confort et la productivit\u00e9, mais aussi d\u2019attractivit\u00e9 !<\/p>\n<p>Pour creuser ce sujet, nous avons interview\u00e9 Thomas Damame, chef de groupe mobilier chez JPG, qui nous a dispens\u00e9 ses<strong> 10 bonnes pratiques en mati\u00e8re d\u2019am\u00e9nagement de locaux professionnels<\/strong>. Vous d\u00e9couvrirez \u00e9galement en fin d\u2019article des pistes pour optimiser l\u2019am\u00e9nagement de votre entrep\u00f4t.<\/p>\n<div class=\"su-table su-table-alternate\">\n<table>\n<tbody>\n<tr>\n<td><strong>Qui est JPG ?<\/strong><\/p>\n<p><a href=\"https:\/\/www.jpg.fr\/\" target=\"_blank\" rel=\"noopener\">JPG<\/a>, filiale du <a href=\"https:\/\/www.raja-group.com\/fr\/accueil\" target=\"_blank\" rel=\"noopener\">Groupe RAJA<\/a>, est le sp\u00e9cialiste de l\u2019am\u00e9nagement des locaux professionnels, qui propose \u00e0 la fois de la vente \u00e0 distance de mobilier pour \u00e9quiper les TPE et les PME, ainsi qu\u2019une \u00e9quipe vous permettant de r\u00e9am\u00e9nager votre plateau dans son enti\u00e8ret\u00e9. L\u2019expertise JPG prend en compte tous les besoins des TPE et PME, jusqu\u2019\u00e0 200 postes de travail.<\/p>\n<p><a href=\"https:\/\/www.jpg.fr\/showroom-virtuel_cms_000376.html\" target=\"_blank\" rel=\"noopener\">D\u00e9couvrez ici le showroom virtuel de JPG<\/a>.<\/td>\n<\/tr>\n<\/tbody>\n<\/table>\n<\/div>\n<h2>Pourquoi apporter un soin particulier \u00e0 l\u2019am\u00e9nagement de vos bureaux professionnels ?<\/h2>\n<p>Si vous avez un projet d\u2019am\u00e9nagement de vos bureaux professionnels, c\u2019est probablement que vous \u00eates d\u00e9j\u00e0 sensible \u00e0 la premi\u00e8re raison de vous y int\u00e9resser : <strong>l\u2019augmentation de la productivit\u00e9<\/strong>.<\/p>\n<p>En effet, des bureaux bien am\u00e9nag\u00e9s permettent \u00e0 l\u2019entreprise de prendre en compte la sant\u00e9 de ses collaborateurs, en leur proposant du mobilier de bureau adapt\u00e9 aux humains qu\u2019ils sont. L\u2019id\u00e9e est bien de r\u00e9duire la fatigue et d\u2019\u00e9viter les probl\u00e8mes de Troubles Musculo-Squelettiques, de canal carpien ou encore de cervicales, pour accro\u00eetre leur bien-\u00eatre dans l\u2019entreprise, et limiter l\u2019absent\u00e9isme. <a href=\"\/blog\/mais-que-faire-pour-prevenir-les-tms-dans-l-entrepot\" target=\"_blank\" rel=\"noopener\">RAJA vous explique comment pr\u00e9venir les TMS<\/a>.<\/p>\n<p>Mais bien souvent, on n\u00e9glige combien <strong>l\u2019am\u00e9nagement des bureaux professionnels a un impact sur l&rsquo;image de marque employeur, et donc, sur l\u2019attraction de nouveaux talents<\/strong>. Un bel accueil, du beau mobilier et accessoires de bureaux, et des locaux attractifs sont autant de signes de la sant\u00e9 \u00e9conomique, culturelle et sociale d\u2019une entreprise &#8211; surtout pour les nouvelles g\u00e9n\u00e9rations ! En somme, ce qui se voit \u00e0 l\u2019int\u00e9rieur se refl\u00e8te \u00e0 l\u2019ext\u00e9rieur.<\/p>\n<div class=\"su-table su-table-alternate\">\n<table>\n<tbody>\n<tr>\n<td><em>\u201cIl est crucial pour toute entreprise de ne pas n\u00e9gliger le mobilier de bureau au sens large. L\u2019am\u00e9nagement de l\u2019espace de travail est aussi essentiel que d\u2019avoir un bon PC, qui fonctionne bien! C\u2019est ce qui refl\u00e8te l\u2019image de l\u2019entreprise, son besoin et son envie de plaire, et de prendre soin de ses employ\u00e9s\u201d<\/em><\/p>\n<p><strong>Thomas Damame, chef de groupe mobilier chez JPG<\/strong><\/td>\n<\/tr>\n<\/tbody>\n<\/table>\n<\/div>\n<p><span id=\"hs-cta-wrapper-991f1318-4a1d-4c05-a677-1eda5c788190\" class=\"hs-cta-wrapper\"><span id=\"hs-cta-991f1318-4a1d-4c05-a677-1eda5c788190\" class=\"hs-cta-node hs-cta-991f1318-4a1d-4c05-a677-1eda5c788190\"><!-- [if lte IE 8]>\n\n\n<div id=\"hs-cta-ie-element\"><\/div>\n\n\n<![endif]--><a href=\"https:\/\/cta-redirect.hubspot.com\/cta\/redirect\/4002043\/991f1318-4a1d-4c05-a677-1eda5c788190\" target=\"_blank\" rel=\"noopener\"><img loading=\"lazy\" decoding=\"async\" id=\"hs-cta-img-991f1318-4a1d-4c05-a677-1eda5c788190\" class=\"hs-cta-img\" style=\"border-width: 0px;\" src=\"https:\/\/no-cache.hubspot.com\/cta\/default\/4002043\/991f1318-4a1d-4c05-a677-1eda5c788190.png\" alt=\"Nouveau call-to-action\" \/><\/a><\/span><\/span><\/p>\n<h2>10 bonnes pratiques pour bien am\u00e9nager vos bureaux professionnels<\/h2>\n<p>Maintenant que vous \u00eates sensibilis\u00e9 aux b\u00e9n\u00e9fices d\u2019un am\u00e9nagement de bureaux professionnels soign\u00e9, d\u00e9couvrez les 10 conseils concrets et \u00e9tapes d&rsquo;am\u00e9nagement pour mener votre propre projet \u00e0 bien.<\/p>\n<h3>1. \u00c9tudier les m\u00e9tiers pour leur trouver le mobilier ad\u00e9quat<\/h3>\n<p>Choisir un mobilier de bureau professionnel adapt\u00e9, c\u2019est avant tout s\u2019int\u00e9resser aux m\u00e9tiers eux-m\u00eames. L\u2019id\u00e9e ? \u00c9tudier les diff\u00e9rents postes de travail pour <strong>trouver le mobilier qui leur est adapt\u00e9 \u00e0 eux, et non pas seulement \u00e0 l\u2019entreprise dans sa globalit\u00e9<\/strong>, pour les faire gagner en productivit\u00e9, faciliter leur travail.<\/p>\n<p>Votre mobilier doit notamment <strong>optimiser la circulation et les diff\u00e9rents \u00e9changes entre les individus qui ont besoin de collaborer<\/strong>. Par exemple, choisir la forme de bureau avec un bout de table un \u00e9l\u00e9ment en demi-lune pour faire de courtes r\u00e9unions sur le poste de travail lui-m\u00eame (avec des graphistes, par exemple) peut \u00eatre un plus significatif.<\/p>\n<h3>2. Penser ergonomie<\/h3>\n<p>L\u2019ergonomie est la cl\u00e9 de vo\u00fbte d\u2019un projet d\u2019am\u00e9nagement de bureaux professionnel r\u00e9ussi. Le principe est simple : trouver l\u2019am\u00e9nagement et le mobilier qui permettent de limiter l\u2019inconfort, qui s\u2019adaptent au corps des collaborateurs.<\/p>\n<p>Pour ce faire, <strong>l\u2019une des premi\u00e8res composantes est bien s\u00fbr le bureau ergonomique<\/strong>. Positionner un bras support-\u00e9cran, support pour le poignet, un fauteuil de bureau et une souris ergonomique, un repose-pied qui bouge, voire proposer un bureau assis-debout, permet d\u2019avoir une posture optimale, et de limiter les douleurs li\u00e9es aux postures.<\/p>\n<p>N\u2019h\u00e9sitez pas \u00e0 vous tourner vers une gamme de mobilier<strong>\u00a0qui permet aux collaborateurs de faire des mouvements ou de changer de position<\/strong>. Par exemple, les formes d\u2019assises innovantes comme les ballons ou les v\u00e9lo-bureaux peuvent \u00eatre int\u00e9ressantes \u00e0 positionner au milieu d\u2019un open-space pour cr\u00e9er un environnement de travail avec une ambiance et un design moderne.<\/p>\n<h3>3. Am\u00e9nager ses bureaux, mais aussi les espaces tiers des locaux<\/h3>\n<p>Que vous r\u00e9am\u00e9nagiez des bureaux existants ou que vous vous lanciez dans un projet tout neuf, veillez \u00e0 favoriser \u00e9galement les tiers-lieux de vos locaux.<\/p>\n<p>Prenez notamment soin d\u2019am\u00e9nager :<\/p>\n<ul>\n<li><strong>Une salle de pause originale<\/strong>, propice \u00e0 la d\u00e9tente et au partage ainsi que du mobilier d&rsquo;accueil pour vos visiteurs<\/li>\n<li><strong>Des espaces de r\u00e9union optimaux<\/strong>, avec des tables \u00e9lectrifi\u00e9es adapt\u00e9es au mat\u00e9riel informatique, et avec des assises plus dynamiques, en mouvement<\/li>\n<\/ul>\n<p>D\u2019autres \u00e9l\u00e9ments, comme les cabines acoustiques qui permettent aux collaborateurs de s\u2019isoler, peuvent \u00e9galement avoir le plus grand effet sur vos talents, et leur donner envie d\u2019aller au bureau et d\u2019y \u00eatre tr\u00e8s productifs.<\/p>\n<div class=\"su-table su-table-alternate\">\n<table>\n<tbody>\n<tr>\n<td><em>\u201cDepuis quelques ann\u00e9es d\u00e9j\u00e0, on pr\u00eate plus attention au mobilier qui permet de faire des r\u00e9unions ou d\u2019\u00eatre en pause convenablement, avec du mobilier chaleureux plus typ\u00e9 \u201chabitat\u201d. En dehors de l&rsquo;esth\u00e9tique, on voit aussi appara\u00eetre des \u00e9l\u00e9ments conviviaux comme les baby foot, les poufs type Fatboy et m\u00eame des bornes d&rsquo;arcade dans les locaux professionnels.\u201d<\/em><\/p>\n<p><strong>Thomas Damame, chef de groupe mobilier chez JPG<\/strong><\/td>\n<\/tr>\n<\/tbody>\n<\/table>\n<\/div>\n<h3>4. Ne pas n\u00e9gliger les luminaires<\/h3>\n<p>Le saviez-vous ? Il existe une norme europ\u00e9enne qui recommande que chaque poste de travail pr\u00e9sente 500 Lux, afin d\u2019\u00e9viter les troubles oculaires. Malheureusement, cette norme est tr\u00e8s souvent n\u00e9glig\u00e9e.<\/p>\n<p>Retenez donc ceci :<strong>\u00a0mettre une lampe de table r\u00e9glable sur un espace de travail, ce n\u2019est pas seulement pour \u201cfaire joli\u201d<\/strong> ! La luminosit\u00e9 a un impact sur l\u2019humeur des employ\u00e9s, c\u2019est un gros gain de productivit\u00e9. L\u2019id\u00e9e est de tenir compte du rythme circadien pour r\u00e9gler la luminosit\u00e9 de l&rsquo;\u00e9clairage de bureau.<\/p>\n<div class=\"su-table su-table-alternate\">\n<table>\n<tbody>\n<tr>\n<td><em>\u201cVos collaborateurs ont besoin d&rsquo;une luminosit\u00e9 qui s\u2019adapte en fonction de leur humeur, mais aussi de leurs besoins physiologiques. Par exemple, le matin, on aime souvent une couleur chaude et moins intense. Puis, on va r\u00e9gler sur une luminosit\u00e9 \u00e0 forte intensit\u00e9 et une couleur blanche lorsqu\u2019il s\u2019agit d\u2019une p\u00e9riode de forte concentration.\u201d<\/em><\/p>\n<p><strong>Thomas Damame, chef de groupe mobilier chez JPG<\/strong><\/td>\n<\/tr>\n<\/tbody>\n<\/table>\n<\/div>\n<h3>5. Prendre soin de l\u2019acoustique<\/h3>\n<p>Apr\u00e8s la lumi\u00e8re, place au son : <strong>la gestion de l\u2019acoustique dans vos locaux est cruciale<\/strong>, pour permettre une r\u00e9elle productivit\u00e9, mais aussi pour favoriser le bien-\u00eatre dans vos bureaux.<\/p>\n<p>Ainsi, disposer des panneaux-\u00e9crans entre les diff\u00e9rents espaces de travail d\u2019un open-space permet non seulement de d\u00e9limiter les espaces de chacun, mais aussi d\u2019optimiser l\u2019acoustique globale des bureaux.<\/p>\n<h3>6. Choisir son mobilier en fonction de l\u2019\u00e9lectronique qui y est li\u00e9<\/h3>\n<p><strong>Aujourd\u2019hui, l\u2019\u00e9lectronique est partout &#8211; et l\u2019am\u00e9nagement de vos bureaux professionnels doit en prendre compte<\/strong> d\u00e8s le d\u00e9but du projet.<\/p>\n<p>Pensez \u00e0 investir dans des produits connect\u00e9s comme \u00e9crans connect\u00e9s ou \u00e9crans tactiles : ce sont autant d\u2019outils qui permettent de simplifier le travail sur ordinateur. De la m\u00eame mani\u00e8re, il existe du mobilier connect\u00e9, des tableaux d&rsquo;affichage, mais aussi du mobilier o\u00f9 il est possible de se brancher ais\u00e9ment, gr\u00e2ce \u00e0 des blocs prises dispos\u00e9es sur les tables de r\u00e9union, sur des bureaux en <em>flex office<\/em>, ou dans des caissons.<\/p>\n<p>Ce mobilier doit \u00eatre pens\u00e9 pour les espaces de travail, mais aussi pour les tiers-espaces. Par exemple, pourquoi ne pas proposer des tables permettant de recharger les portables des collaborateurs pendant le d\u00e9jeuner ou la pause ?<\/p>\n<h3>7. Soigner l\u2019\u00e9co-responsabilit\u00e9 lors de l\u2019am\u00e9nagement des bureaux professionnels<\/h3>\n<p>C\u2019est un fait : vos collaborateurs sont de plus en plus sensibles \u00e0 l\u2019\u00e9co-responsabilit\u00e9, et ce, dans tous les domaines de leur vie, personnelle comme professionnelle. En mati\u00e8re d\u2019am\u00e9nagement de bureaux professionnels, vous devez donc <strong>vous pencher sur des solutions \u00e9cologiques<\/strong>.<\/p>\n<p>D\u2019autant plus que la loi AGIEC vous y oblige ! Depuis f\u00e9vrier 2022, cette l\u00e9gislation oblige la reprise de l\u2019ancien mobilier de bureau. Qui plus est, les soci\u00e9t\u00e9s publiques doivent pr\u00e9senter 20% de leurs achats en produits <em>upcycl\u00e9s<\/em> ou de seconde main ; et cette r\u00e8gle va s\u2019\u00e9tendre au march\u00e9 priv\u00e9, probablement en 2025.<\/p>\n<p>La loi Climat et R\u00e9silience inclut \u00e9galement une facette concernant l\u2019am\u00e9nagement de vos locaux. Elle dit qu\u2019en 2025, tous les fabricants et les distributeurs devront avoir une notation produit sur le mobilier (\u00e0 la fois d\u2019habitat et de bureau).<\/p>\n<p>Autant de raisons de<strong> choisir du mobilier approvisionn\u00e9 en circuit court, ou qui participe au syst\u00e8me associatif<\/strong>, par exemple.<\/p>\n<div class=\"su-table su-table-alternate\">\n<table>\n<tbody>\n<tr>\n<td><em>\u201cChez JPG, 98% de nos produits sont certifi\u00e9s, NF environnement, FSC, PEFC&#8230; Nous pr\u00eatons une attention particuli\u00e8re dans le choix et nos fournisseurs et de leurs produits autour de l&rsquo;\u00e9co-responsabilit\u00e9, qui est une valeur forte chez JPG.\u201d<\/em><\/p>\n<p><strong>Thomas Damame, chef de groupe mobilier chez JPG<\/strong><\/td>\n<\/tr>\n<\/tbody>\n<\/table>\n<\/div>\n<h3>8. Appliquer la tendance \u201cBien au bureau comme chez soi\u201d<\/h3>\n<p>Et si vous pensiez \u00e9galement au design de vos locaux lors de leur am\u00e9nagement ou r\u00e9am\u00e9nagement ? Actuellement, la tendance en termes d\u2019am\u00e9nagement d\u2019espaces professionnels est \u201cBien au bureau comme chez soi\u201d : <strong>c\u2019est le fait que l\u2019habitat personnel et son design entrent dans les locaux professionnels<\/strong>.<\/p>\n<p>Avant, le mobilier professionnel \u00e9tait tr\u00e8s blanc. Actuellement, on voit plut\u00f4t des d\u00e9cors bois\u00e9s, avec du ch\u00eane, du bois vein\u00e9, \u00e0 l\u2019aspect plus d\u00e9coratif, chaleureux et naturel, investir les locaux. Les formes arrondies et les couleurs vives sont \u00e9galement de mise.<br \/>\nEn termes de design, pensez \u00e9galement \u00e0 :<\/p>\n<ul>\n<li><strong>Mettre en avant de la charte graphique et l&rsquo;identit\u00e9 de votre entreprise<\/strong> dans le mobilier lui-m\u00eame<\/li>\n<li><strong>Choisir des couleurs qui influent positivement sur l\u2019humeur des collaborateurs<\/strong> : une salle de r\u00e9union bleue pour la cr\u00e9ativit\u00e9, des panneaux-\u00e9crans rouges pour stimuler la concentration, du jaune pour aider \u00e0 la prise de d\u00e9cision\u2026<\/li>\n<li><strong>Avoir une homog\u00e9n\u00e9it\u00e9 dans le d\u00e9cor<\/strong> de vos locaux<\/li>\n<\/ul>\n<div class=\"su-table su-table-alternate\">\n<table>\n<tbody>\n<tr>\n<td><em>\u201cLe c\u00f4t\u00e9 attrayant du mobilier est crucial. Il faut pouvoir proposer des espaces qui plaisent &#8211; surtout apr\u00e8s le Covid o\u00f9 il faut donner envie aux collaborateurs de revenir dans l\u2019entreprise !\u201d<\/em><\/p>\n<p><strong>Thomas Damame, chef de groupe mobilier chez JPG<\/strong><\/td>\n<\/tr>\n<\/tbody>\n<\/table>\n<\/div>\n<h3>9. V\u00e9g\u00e9taliser les espaces<\/h3>\n<p>Saviez-vous qu\u2019une \u00e9tude avait prouv\u00e9 que la vision d\u2019une plante, m\u00eame artificielle, dans un espace professionnel entra\u00eene moins d\u2019arr\u00eats maladie dans l\u2019entreprise ?<\/p>\n<p>En ce qui concerne l\u2019am\u00e9nagement de vos locaux, <strong>l\u2019ext\u00e9rieur vient aussi \u00e0 l\u2019int\u00e9rieur, gr\u00e2ce \u00e0 la v\u00e9g\u00e9talisation<\/strong>. Les plantes ne sont pas des accessoires : elles sont n\u00e9cessaires pour avoir des collaborateurs en bonne sant\u00e9, qui aiment travailler, et donnent une image de l\u2019entreprise sereine et bonne.<\/p>\n<h3>10. Prendre aussi en compte le t\u00e9l\u00e9travail<\/h3>\n<p>Le t\u00e9l\u00e9travail s\u2019est durablement d\u00e9mocratis\u00e9 dans la plupart des entreprises &#8211; et votre projet d\u2019am\u00e9nagement de bureaux professionnels doit le prendre en compte. En effet,<strong> en tant qu\u2019entreprise, vous \u00eates aussi responsable du mobilier que vous proposez chez vos collaborateurs<\/strong> !<\/p>\n<p>Pendant le Covid, vos salari\u00e9s ont ressenti les effets d\u2019un mobilier non ergonomique sur leur sant\u00e9 et leur motivation. D\u2019o\u00f9 le fait de leur proposer, <em>a minima<\/em>, un si\u00e8ge ergonomique, ainsi que quelques \u00e9l\u00e9ments-cl\u00e9s pour assurer leur confort en t\u00e9l\u00e9travail.<\/p>\n<div class=\"su-table su-table-alternate\">\n<table>\n<tbody>\n<tr>\n<td><em>\u201cUn dernier conseil ? Faites-vous accompagner dans votre projet d\u2019am\u00e9nagement de bureaux professionnels. On ne s\u2019improvise pas am\u00e9nageur de bureaux. Le but est de comprendre les besoins de l\u2019entreprise et des collaborateurs, de visiter les locaux actuels, de voir comment les gens travaillent, de poser des questions\u2026 Par la suite, en d\u00e9coulent des conseils pour placer diff\u00e9remment le mobilier et les gens. Allez-y pas \u00e0 pas, en fonction de votre budget. M\u00eame si vous ne pouvez pas appliquer toutes les bonnes pratiques d\u2019un coup, il est crucial de prendre en compte le bien-\u00eatre et l\u2019ergonomie de vos collaborateurs petit \u00e0 petit.\u201d<\/em><\/p>\n<p><strong>Thomas Damame, chef de groupe mobilier chez JPG<\/strong><\/td>\n<\/tr>\n<\/tbody>\n<\/table>\n<\/div>\n<h2>Comment lancer votre projet d\u2019am\u00e9nagement de bureau professionnel ?<\/h2>\n<p>Les projets d\u2019am\u00e9nagement de bureau professionnel ne consistent pas simplement en le choix du mobilier et de l\u2019agencement des meubles.<\/p>\n<p>D\u00e8s que votre projet compte plus de vingt postes de travail, vous aurez besoin d\u2019<strong>une v\u00e9ritable strat\u00e9gie pour am\u00e9nager ou r\u00e9am\u00e9nager un environnement de travail<\/strong> qui vous ressemble, booste la productivit\u00e9 de vos collaborateurs, et leur donne envie de s\u2019y rendre.<\/p>\n<p>Pour concevoir votre espace de travail, vous pouvez faire appel \u00e0 <strong>un bureau d\u2019\u00e9tudes<\/strong> sp\u00e9cialis\u00e9 dans ce type de prestation pour les professionnels.<\/p>\n<p>Ces structures, dot\u00e9es de designers d\u2019int\u00e9rieur, vous accompagnent depuis la structuration de votre besoin jusqu\u2019\u00e0 la livraison de vos locaux, en passant par le choix des mat\u00e9riaux \u00e0 utiliser et des mobiliers de bureau dont vous avez besoin. Elles peuvent \u00e9galement faire appel \u00e0 des ing\u00e9nieurs si votre projet comporte du gros \u0153uvre (comme la construction ou l\u2019abattement de cloisons).<\/p>\n<p>La premi\u00e8re \u00e9tape pour lancer votre projet d\u2019am\u00e9nagement de bureaux professionnels consiste \u00e0 <strong>concevoir un cahier des charges<\/strong> exhaustif, comprenant notamment :<\/p>\n<ul>\n<li><strong>Les objectifs de votre projet<\/strong> : augmentation de la convivialit\u00e9, de la communication entre les \u00e9quipes, de la productivit\u00e9\u2026<\/li>\n<li><strong>Les habitudes de vos collaborateurs<\/strong> : t\u00e9l\u00e9travail, flex office\u2026<\/li>\n<li><strong>Les types d\u2019espaces que vous souhaitez concevoir<\/strong> : coworking, salles de r\u00e9union, bureaux individuels, open-space, banques d\u2019accueil, bureaux de la direction, caf\u00e9teria\u2026<\/li>\n<li><strong>Vos contraintes<\/strong> en termes de timing, de nombre de collaborateurs, ou encore de certifications \u00e0 suivre<\/li>\n<li><strong>Votre budget<\/strong><\/li>\n<\/ul>\n<p>Une fois votre prestataire s\u00e9lectionn\u00e9, il pourra concevoir des plans pour vous projeter dans l\u2019am\u00e9nagement de vos bureaux, puis lancer les travaux \u00e0 proprement parler.<\/p>\n<h2>Les conseils et produits-phares pour l\u2019am\u00e9nagement de votre entrep\u00f4t<\/h2>\n<p>Au-del\u00e0 de votre projet d\u2019am\u00e9nagement de bureaux professionnels, vous comptez \u00e9galement mener une r\u00e9organisation de votre entrep\u00f4t ? Voici les conseils-cl\u00e9s de nos experts RAJA pour optimiser votre entrep\u00f4t gr\u00e2ce \u00e0 l\u2019am\u00e9nagement.<\/p>\n<ul>\n<li><strong>Choisissez une <a href=\"\/blog\/organiser-entrepot-de-stockage\" target=\"_blank\" rel=\"noopener\">m\u00e9thode de stockage<\/a> adapt\u00e9e \u00e0 votre activit\u00e9<\/strong>. Celle-ci est la base sur laquelle l\u2019am\u00e9nagement de votre entrep\u00f4t se fait par la suite, notamment en termes de racks et d\u2019all\u00e9es pour circuler.<\/li>\n<li><strong>Respectez les normes de s\u00e9curit\u00e9 adapt\u00e9es \u00e0 votre activit\u00e9<\/strong>. Pensez notamment aux normes en termes de ventilation, de traitement des eaux us\u00e9es, d\u2019issues de secours, de voie d\u00e9di\u00e9e aux engins\u2026 Pour en savoir plus, <a href=\"\/blog\/guide-securite-entrepot\" target=\"_blank\" rel=\"noopener\">rendez-vous sur notre article sur le sujet<\/a>.<\/li>\n<li><strong>Installez la signal\u00e9tique ad\u00e9quate<\/strong>. Tandis que les rubans de marquage au sol permettent de d\u00e9limiter les diff\u00e9rentes voies et espaces de votre entrep\u00f4t, les panneaux vous aident \u00e0 signaler les zones de secours ou d\u2019\u00e9vacuation, ainsi que les consignes de s\u00e9curit\u00e9.<\/li>\n<li><strong>Optimisez la place disponible d\u00e8s que possible<\/strong>, gr\u00e2ce \u00e0 des \u00e9l\u00e9ments en mezzanine, en structure autoportante, ou bien gr\u00e2ce \u00e0 la r\u00e9duction de la largeur des all\u00e9es.<\/li>\n<li><strong>Choisissez les rayonnages appropri\u00e9s pour vos marchandises<\/strong>. Ceux-ci doivent \u00eatre \u00e0 la fois adapt\u00e9s \u00e0 votre type de produits, \u00e0 leur poids et \u00e0 la m\u00e9thode de stockage que vous avez choisie. N\u2019h\u00e9sitez pas \u00e0 <a href=\"\/blog\/choisir-rayonnage-stockage\" target=\"_blank\" rel=\"noopener\">consulter les diff\u00e9rentes \u00e9tapes pour choisir vos rayonnages ici<\/a>.<\/li>\n<li><strong>Pensez \u00e0 l&rsquo;ergonomie et au bien-\u00eatre en entrep\u00f4t<\/strong>. Optimisez vos postes de travail en proposant des postes ergonomiques, des tabourets assis-debout, ou encore des tapis anti-fatigue. Les machines de manutention que vous choisissez sont \u00e9galement d\u00e9terminantes quant \u00e0 la r\u00e9duction de la p\u00e9nibilit\u00e9 dans votre entrep\u00f4t : s\u00e9lectionnez-les en cons\u00e9quence !<\/li>\n<\/ul>\n<p>Vous voil\u00e0 pr\u00eat \u00e0 appliquer les meilleures pratiques en mati\u00e8re d\u2019am\u00e9nagement d\u2019entrep\u00f4t et de bureaux, et \u00e0 soigner votre marque employeur ainsi que la QVT dans vos locaux.<\/p>\n<p><span id=\"hs-cta-wrapper-4460640d-1259-44a5-a885-764ac2b6b036\" class=\"hs-cta-wrapper\"><span id=\"hs-cta-4460640d-1259-44a5-a885-764ac2b6b036\" class=\"hs-cta-node hs-cta-4460640d-1259-44a5-a885-764ac2b6b036\"><!-- [if lte IE 8]>\n\n\n<div id=\"hs-cta-ie-element\"><\/div>\n\n\n<![endif]--><a href=\"https:\/\/cta-redirect.hubspot.com\/cta\/redirect\/4002043\/4460640d-1259-44a5-a885-764ac2b6b036\" target=\"_blank\" rel=\"noopener\"><img loading=\"lazy\" decoding=\"async\" id=\"hs-cta-img-4460640d-1259-44a5-a885-764ac2b6b036\" class=\"hs-cta-img\" style=\"border-width: 0px;\" src=\"https:\/\/no-cache.hubspot.com\/cta\/default\/4002043\/4460640d-1259-44a5-a885-764ac2b6b036.png\" alt=\"Nouveau call-to-action\" \/><\/a><\/span><\/span><\/p>\n","protected":false},"excerpt":{"rendered":"<p>\u00c0 l\u2019\u00e8re o\u00f9 le t\u00e9l\u00e9travail s\u2019est durablement install\u00e9 dans les entreprises, bon nombre de soci\u00e9t\u00e9s continuent \u00e0 prendre soin de l\u2019am\u00e9nagement de leurs bureaux professionnels. Et pour cause cr\u00e9er un [&#8230;]<\/p>\n","protected":false},"author":16,"featured_media":7121,"comment_status":"open","ping_status":"open","sticky":false,"template":"","format":"standard","meta":{"_acf_changed":false,"content-type":"","footnotes":""},"categories":[76],"tags":[52,61,38,67],"class_list":["post-7115","post","type-post","status-publish","format-standard","has-post-thumbnail","hentry","category-logistique-stockage","tag-entrepot","tag-gestion-des-stocks","tag-logistique","tag-tendances"],"acf":[],"yoast_head":"\n<title>Les conseils pour l\u2019am\u00e9nagement de vos bureaux professionnels et entrep\u00f4ts - Blog RAJA FR<\/title>\n<meta name=\"description\" content=\"10 bonnes pratiques en mati\u00e8re d\u2019am\u00e9nagement de bureaux professionnels, et les astuces pour bien am\u00e9nager un entrep\u00f4t\" \/>\n<meta name=\"robots\" content=\"index, follow, max-snippet:-1, max-image-preview:large, max-video-preview:-1\" \/>\n<link rel=\"canonical\" href=\"https:\/\/www.raja.fr\/blog\/amenagement-bureau-professionnel-entrepot\" \/>\n<meta property=\"og:locale\" content=\"fr_FR\" \/>\n<meta property=\"og:type\" content=\"article\" \/>\n<meta property=\"og:title\" content=\"Les conseils pour l\u2019am\u00e9nagement de vos bureaux professionnels et entrep\u00f4ts - Blog RAJA FR\" \/>\n<meta property=\"og:description\" content=\"10 bonnes pratiques en mati\u00e8re d\u2019am\u00e9nagement de bureaux professionnels, et les astuces pour bien am\u00e9nager un entrep\u00f4t\" \/>\n<meta property=\"og:url\" content=\"https:\/\/www.raja.fr\/blog\/amenagement-bureau-professionnel-entrepot\" \/>\n<meta property=\"og:site_name\" content=\"Blog RAJA FR\" \/>\n<meta property=\"article:published_time\" content=\"2023-06-19T08:52:31+00:00\" \/>\n<meta property=\"article:modified_time\" content=\"2025-11-25T09:42:53+00:00\" \/>\n<meta property=\"og:image\" content=\"https:\/\/www.raja.fr\/blog\/wp-content\/uploads\/2023\/06\/amenagement-bureau-professionnel-entrepot-jpg.png.jpg\" \/>\n\t<meta property=\"og:image:width\" content=\"1200\" \/>\n\t<meta property=\"og:image:height\" content=\"900\" \/>\n\t<meta property=\"og:image:type\" content=\"image\/jpeg\" \/>\n<meta name=\"author\" content=\"eleonor\" \/>\n<meta name=\"twitter:card\" content=\"summary_large_image\" \/>\n<meta name=\"twitter:label1\" content=\"\u00c9crit par\" \/>\n\t<meta name=\"twitter:data1\" content=\"eleonor\" \/>\n\t<meta name=\"twitter:label2\" content=\"Dur\u00e9e de lecture estim\u00e9e\" \/>\n\t<meta name=\"twitter:data2\" content=\"14 minutes\" \/>\n<script type=\"application\/ld+json\" class=\"yoast-schema-graph\">{\n\t    \"@context\": \"https:\/\/schema.org\",\n\t    \"@graph\": [\n\t        {\n\t            \"@type\": \"WebPage\",\n\t            \"@id\": \"https:\/\/www.raja.fr\/blog\/amenagement-bureau-professionnel-entrepot\",\n\t            \"url\": \"https:\/\/www.raja.fr\/blog\/amenagement-bureau-professionnel-entrepot\",\n\t            \"name\": \"Les conseils pour l\u2019am\u00e9nagement de vos bureaux professionnels et entrep\u00f4ts - Blog RAJA FR\",\n\t            \"isPartOf\": {\n\t                \"@id\": \"https:\/\/www.raja.fr\/blog\/#website\"\n\t            },\n\t            \"primaryImageOfPage\": {\n\t                \"@id\": \"https:\/\/www.raja.fr\/blog\/amenagement-bureau-professionnel-entrepot#primaryimage\"\n\t            },\n\t            \"image\": {\n\t                \"@id\": \"https:\/\/www.raja.fr\/blog\/amenagement-bureau-professionnel-entrepot#primaryimage\"\n\t            },\n\t            \"thumbnailUrl\": \"https:\/\/www.raja.fr\/blog\/wp-content\/uploads\/2023\/06\/amenagement-bureau-professionnel-entrepot-jpg.png.jpg\",\n\t            \"datePublished\": \"2023-06-19T08:52:31+00:00\",\n\t            \"dateModified\": \"2025-11-25T09:42:53+00:00\",\n\t            \"author\": {\n\t                \"@id\": \"https:\/\/www.raja.fr\/blog\/#\/schema\/person\/07e3ad93477b11df54af80fd13759af6\"\n\t            },\n\t            \"description\": \"10 bonnes pratiques en mati\u00e8re d\u2019am\u00e9nagement de bureaux professionnels, et les astuces pour bien am\u00e9nager un entrep\u00f4t\",\n\t            \"inLanguage\": \"fr-FR\",\n\t            \"potentialAction\": [\n\t                {\n\t                    \"@type\": \"ReadAction\",\n\t                    \"target\": [\n\t                        \"https:\/\/www.raja.fr\/blog\/amenagement-bureau-professionnel-entrepot\"\n\t                    ]\n\t                }\n\t            ]\n\t        },\n\t        {\n\t            \"@type\": \"ImageObject\",\n\t            \"inLanguage\": \"fr-FR\",\n\t            \"@id\": \"https:\/\/www.raja.fr\/blog\/amenagement-bureau-professionnel-entrepot#primaryimage\",\n\t            \"url\": \"https:\/\/www.raja.fr\/blog\/wp-content\/uploads\/2023\/06\/amenagement-bureau-professionnel-entrepot-jpg.png.jpg\",\n\t            \"contentUrl\": \"https:\/\/www.raja.fr\/blog\/wp-content\/uploads\/2023\/06\/amenagement-bureau-professionnel-entrepot-jpg.png.jpg\",\n\t            \"width\": 1200,\n\t            \"height\": 900,\n\t            \"caption\": \"10 bonnes pratiques en mati\u00e8re d\u2019am\u00e9nagement de bureaux professionnels\"\n\t        },\n\t        {\n\t            \"@type\": \"WebSite\",\n\t            \"@id\": \"https:\/\/www.raja.fr\/blog\/#website\",\n\t            \"url\": \"https:\/\/www.raja.fr\/blog\/\",\n\t            \"name\": \"Blog RAJA FR\",\n\t            \"description\": \"Les derni\u00e8res tendances emballage, logististique et E-commerce\",\n\t            \"potentialAction\": [\n\t                {\n\t                    \"@type\": \"SearchAction\",\n\t                    \"target\": {\n\t                        \"@type\": \"EntryPoint\",\n\t                        \"urlTemplate\": \"https:\/\/www.raja.fr\/blog\/?s={search_term_string}\"\n\t                    },\n\t                    \"query-input\": {\n\t                        \"@type\": \"PropertyValueSpecification\",\n\t                        \"valueRequired\": true,\n\t                        \"valueName\": \"search_term_string\"\n\t                    }\n\t                }\n\t            ],\n\t            \"inLanguage\": \"fr-FR\"\n\t        },\n\t        {\n\t            \"@type\": \"Person\",\n\t            \"@id\": \"https:\/\/www.raja.fr\/blog\/#\/schema\/person\/07e3ad93477b11df54af80fd13759af6\",\n\t            \"name\": \"eleonor\",\n\t            \"image\": {\n\t                \"@type\": \"ImageObject\",\n\t                \"inLanguage\": \"fr-FR\",\n\t                \"@id\": \"https:\/\/www.raja.fr\/blog\/#\/schema\/person\/image\/\",\n\t                \"url\": \"https:\/\/secure.gravatar.com\/avatar\/1aa536a845c5780e3686cb173633385c?s=96&d=mm&r=g\",\n\t                \"contentUrl\": \"https:\/\/secure.gravatar.com\/avatar\/1aa536a845c5780e3686cb173633385c?s=96&d=mm&r=g\",\n\t                \"caption\": \"eleonor\"\n\t            },\n\t            \"url\": \"https:\/\/www.raja.fr\/blog\/author\/eleonor\"\n\t        }\n\t    ]\n\t}<\/script>\n","yoast_head_json":{"title":"Les conseils pour l\u2019am\u00e9nagement de vos bureaux professionnels et entrep\u00f4ts - Blog RAJA FR","description":"10 bonnes pratiques en mati\u00e8re d\u2019am\u00e9nagement de bureaux professionnels, et les astuces pour bien am\u00e9nager un entrep\u00f4t","robots":{"index":"index","follow":"follow","max-snippet":"max-snippet:-1","max-image-preview":"max-image-preview:large","max-video-preview":"max-video-preview:-1"},"canonical":"https:\/\/www.raja.fr\/blog\/amenagement-bureau-professionnel-entrepot","og_locale":"fr_FR","og_type":"article","og_title":"Les conseils pour l\u2019am\u00e9nagement de vos bureaux professionnels et entrep\u00f4ts - Blog RAJA FR","og_description":"10 bonnes pratiques en mati\u00e8re d\u2019am\u00e9nagement de bureaux professionnels, et les astuces pour bien am\u00e9nager un entrep\u00f4t","og_url":"https:\/\/www.raja.fr\/blog\/amenagement-bureau-professionnel-entrepot","og_site_name":"Blog RAJA FR","article_published_time":"2023-06-19T08:52:31+00:00","article_modified_time":"2025-11-25T09:42:53+00:00","og_image":[{"width":1200,"height":900,"url":"https:\/\/www.raja.fr\/blog\/wp-content\/uploads\/2023\/06\/amenagement-bureau-professionnel-entrepot-jpg.png.jpg","type":"image\/jpeg"}],"author":"eleonor","twitter_card":"summary_large_image","twitter_misc":{"\u00c9crit par":"eleonor","Dur\u00e9e de lecture estim\u00e9e":"14 minutes"},"schema":{"@context":"https:\/\/schema.org","@graph":[{"@type":"WebPage","@id":"https:\/\/www.raja.fr\/blog\/amenagement-bureau-professionnel-entrepot","url":"https:\/\/www.raja.fr\/blog\/amenagement-bureau-professionnel-entrepot","name":"Les conseils pour l\u2019am\u00e9nagement de vos bureaux professionnels et entrep\u00f4ts - Blog RAJA FR","isPartOf":{"@id":"https:\/\/www.raja.fr\/blog\/#website"},"primaryImageOfPage":{"@id":"https:\/\/www.raja.fr\/blog\/amenagement-bureau-professionnel-entrepot#primaryimage"},"image":{"@id":"https:\/\/www.raja.fr\/blog\/amenagement-bureau-professionnel-entrepot#primaryimage"},"thumbnailUrl":"https:\/\/www.raja.fr\/blog\/wp-content\/uploads\/2023\/06\/amenagement-bureau-professionnel-entrepot-jpg.png.jpg","datePublished":"2023-06-19T08:52:31+00:00","dateModified":"2025-11-25T09:42:53+00:00","author":{"@id":"https:\/\/www.raja.fr\/blog\/#\/schema\/person\/07e3ad93477b11df54af80fd13759af6"},"description":"10 bonnes pratiques en mati\u00e8re d\u2019am\u00e9nagement de bureaux professionnels, et les astuces pour bien am\u00e9nager un entrep\u00f4t","inLanguage":"fr-FR","potentialAction":[{"@type":"ReadAction","target":["https:\/\/www.raja.fr\/blog\/amenagement-bureau-professionnel-entrepot"]}]},{"@type":"ImageObject","inLanguage":"fr-FR","@id":"https:\/\/www.raja.fr\/blog\/amenagement-bureau-professionnel-entrepot#primaryimage","url":"https:\/\/www.raja.fr\/blog\/wp-content\/uploads\/2023\/06\/amenagement-bureau-professionnel-entrepot-jpg.png.jpg","contentUrl":"https:\/\/www.raja.fr\/blog\/wp-content\/uploads\/2023\/06\/amenagement-bureau-professionnel-entrepot-jpg.png.jpg","width":1200,"height":900,"caption":"10 bonnes pratiques en mati\u00e8re d\u2019am\u00e9nagement de bureaux professionnels"},{"@type":"WebSite","@id":"https:\/\/www.raja.fr\/blog\/#website","url":"https:\/\/www.raja.fr\/blog\/","name":"Blog RAJA FR","description":"Les derni\u00e8res tendances emballage, logististique et E-commerce","potentialAction":[{"@type":"SearchAction","target":{"@type":"EntryPoint","urlTemplate":"https:\/\/www.raja.fr\/blog\/?s={search_term_string}"},"query-input":{"@type":"PropertyValueSpecification","valueRequired":true,"valueName":"search_term_string"}}],"inLanguage":"fr-FR"},{"@type":"Person","@id":"https:\/\/www.raja.fr\/blog\/#\/schema\/person\/07e3ad93477b11df54af80fd13759af6","name":"eleonor","image":{"@type":"ImageObject","inLanguage":"fr-FR","@id":"https:\/\/www.raja.fr\/blog\/#\/schema\/person\/image\/","url":"https:\/\/secure.gravatar.com\/avatar\/1aa536a845c5780e3686cb173633385c?s=96&d=mm&r=g","contentUrl":"https:\/\/secure.gravatar.com\/avatar\/1aa536a845c5780e3686cb173633385c?s=96&d=mm&r=g","caption":"eleonor"},"url":"https:\/\/www.raja.fr\/blog\/author\/eleonor"}]}},"_links":{"self":[{"href":"https:\/\/www.raja.fr\/blog\/wp-json\/wp\/v2\/posts\/7115"}],"collection":[{"href":"https:\/\/www.raja.fr\/blog\/wp-json\/wp\/v2\/posts"}],"about":[{"href":"https:\/\/www.raja.fr\/blog\/wp-json\/wp\/v2\/types\/post"}],"author":[{"embeddable":true,"href":"https:\/\/www.raja.fr\/blog\/wp-json\/wp\/v2\/users\/16"}],"replies":[{"embeddable":true,"href":"https:\/\/www.raja.fr\/blog\/wp-json\/wp\/v2\/comments?post=7115"}],"version-history":[{"count":3,"href":"https:\/\/www.raja.fr\/blog\/wp-json\/wp\/v2\/posts\/7115\/revisions"}],"predecessor-version":[{"id":11203,"href":"https:\/\/www.raja.fr\/blog\/wp-json\/wp\/v2\/posts\/7115\/revisions\/11203"}],"wp:featuredmedia":[{"embeddable":true,"href":"https:\/\/www.raja.fr\/blog\/wp-json\/wp\/v2\/media\/7121"}],"wp:attachment":[{"href":"https:\/\/www.raja.fr\/blog\/wp-json\/wp\/v2\/media?parent=7115"}],"wp:term":[{"taxonomy":"category","embeddable":true,"href":"https:\/\/www.raja.fr\/blog\/wp-json\/wp\/v2\/categories?post=7115"},{"taxonomy":"post_tag","embeddable":true,"href":"https:\/\/www.raja.fr\/blog\/wp-json\/wp\/v2\/tags?post=7115"}],"curies":[{"name":"wp","href":"https:\/\/api.w.org\/{rel}","templated":true}]}}