{"id":7486,"date":"2023-10-31T10:37:27","date_gmt":"2023-10-31T09:37:27","guid":{"rendered":"https:\/\/www.raja.fr\/blog\/?p=7486"},"modified":"2026-02-19T10:15:21","modified_gmt":"2026-02-19T09:15:21","slug":"eco-emballage","status":"publish","type":"post","link":"https:\/\/www.raja.fr\/blog\/eco-emballage","title":{"rendered":"Les 7 tendances d\u2019\u00e9co-emballage incontournables"},"content":{"rendered":"<p>Vous le savez bien : aujourd\u2019hui, quel que soit le secteur d\u2019activit\u00e9 dans lequel votre entreprise \u00e9volue, il est hors de question de vous contenter d\u2019emballages peu vertueux pour l\u2019environnement et de ne pas avoir de dispositif de collecte.<\/p>\n<p>La tendance est \u00e0 l\u2019\u00e9co emballage : celui qui limite son impact environnemental sur la plan\u00e8te, et v\u00e9hicule une image \u00e9co-responsable de votre marque en engageant aussi la responsabilit\u00e9 \u00e9largie du producteur sur le sujet de l&#8217;emballage et environnement.<\/p>\n<p>Pour vous y retrouver parmi l\u2019offre de produits d\u2019emballage \u00e9cologiques d\u2019aujourd\u2019hui, nous avons rassembl\u00e9 ici pour vous<strong> les sept tendances incontournables du moment en mati\u00e8re d\u2019\u00e9co-emballage<\/strong>.<\/p>\n<h2>Pourquoi vous int\u00e9resser aux \u00e9co-emballages ?<\/h2>\n<p>Si vous vous int\u00e9ressez aux m\u00e9thodes d\u2019emballage con\u00e7u qui respectent le principe de l\u2019\u00e9conomie circulaire, c\u2019est pour une bonne raison : le fait que <strong>les \u00e9co-emballages rentrent tout \u00e0 fait dans les tendances de consommation actuelles et aident \u00e0 votre financement.<\/strong><\/p>\n<p>En effet, une \u00e9tude Tonula pour Two Sides a r\u00e9cemment prouv\u00e9 que 44% des consommateurs seraient pr\u00eats \u00e0 d\u00e9penser plus pour un produit emball\u00e9 avec des mat\u00e9riaux durables.* Par cons\u00e9quent, en suivant cette tendance, <strong>les \u00e9co-emballages am\u00e9liorent votre image de marque<\/strong>.<\/p>\n<p>Cependant, leurs avantages ne s\u2019arr\u00eatent pas l\u00e0. <strong>Les \u00e9co-emballages suivent \u00e9galement une autre tendance : celle des r\u00e9glementations<\/strong> europ\u00e9ennes de l&rsquo;administration de droit fran\u00e7ais, qui demandent de plus en plus aux entreprises de faire des efforts du point de vue de l\u2019\u00e9co-responsabilit\u00e9 de leurs emballages.<\/p>\n<p>Par exemple, la <a href=\"\/blog\/loi-agec-emballage\" target=\"_blank\" rel=\"noopener\">loi AGEC<\/a> vise notamment \u00e0 sortir des emballages de collecte \u00e0 usage unique et \u00e0 promouvoir le recyclage des emballages m\u00e9nagers. Pour l\u2019heure, ces r\u00e9glementations s\u2019adressent majoritairement au secteur de la restauration et de l\u2019agro-alimentaire en France et partout dans le monde &#8211; mais il est pr\u00e9vu qu\u2019elles s\u2019\u00e9tendent rapidement \u00e0 tous les secteurs d\u2019activit\u00e9.<\/p>\n<p>Enfin, derni\u00e8re raison de vous int\u00e9resser aux \u00e9co-emballages : <strong>ils sont tout aussi protecteurs et valorisants pour vos produits<\/strong>. Aujourd\u2019hui, il existe une large gamme de packagings \u00e9cologiques, qui permet de conserver la place des propri\u00e9t\u00e9s protectrices de vos emballages actuels tout en ayant une r\u00e9duction de l&rsquo;impact sur l\u2019environnement. Ces \u00e9co-emballages viennent donc \u00e0 la fois valoriser votre marque, et prot\u00e9ger au mieux vos marchandises.<\/p>\n<p><span id=\"hs-cta-wrapper-24c56aee-94d0-41f3-ad09-201b14fd42ae\" class=\"hs-cta-wrapper\"><span id=\"hs-cta-24c56aee-94d0-41f3-ad09-201b14fd42ae\" class=\"hs-cta-node hs-cta-24c56aee-94d0-41f3-ad09-201b14fd42ae\"><!-- [if lte IE 8]>\n\n\n<div id=\"hs-cta-ie-element\"><\/div>\n\n\n<![endif]--><a href=\"https:\/\/cta-redirect.hubspot.com\/cta\/redirect\/4002043\/24c56aee-94d0-41f3-ad09-201b14fd42ae\" target=\"_blank\" rel=\"noopener\"><img loading=\"lazy\" decoding=\"async\" id=\"hs-cta-img-24c56aee-94d0-41f3-ad09-201b14fd42ae\" class=\"hs-cta-img\" style=\"border-width: 0px;\" src=\"https:\/\/no-cache.hubspot.com\/cta\/default\/4002043\/24c56aee-94d0-41f3-ad09-201b14fd42ae.png\" alt=\"Nouveau call-to-action\" \/><\/a><\/span><\/span><\/p>\n<h2>7 tendances d\u2019\u00e9co-emballage \u00e0 envisager d\u2019int\u00e9grer \u00e0 votre strat\u00e9gie logistique<\/h2>\n<p>Besoin d\u2019y voir plus clair dans tous les types d\u2019\u00e9co-emballages disponibles sur le march\u00e9 ? Voici les sept tendances \u00e9co-responsables incontournables du moment et leurs avantages.<\/p>\n<h3>Les emballages recyclables<\/h3>\n<p>L\u2019emballage recyclable est probablement le type d\u2019\u00e9co-emballage le plus connu, et le plus r\u00e9pandu dans les strat\u00e9gies logistiques des entreprises.<\/p>\n<p>Il s\u2019agit d\u2019un emballage qui a pour objectif de <strong>pouvoir passer par les fili\u00e8res de tri<\/strong> (depuis le domicile du consommateur ou depuis un centre de tri en entreprise), <strong>pour \u00eatre trait\u00e9 et transform\u00e9 dans une mati\u00e8re secondaire qui permettra de cr\u00e9er de nouveaux emballages<\/strong> ou de nouveaux objets en conception responsable et en contribuant au programme environnemental.<\/p>\n<p>Son grand avantage ? \u00c9tant donn\u00e9 que vos clients connaissent bien le principe de l&rsquo;action de tri et de recyclage, ils savent spontan\u00e9ment quelle fin de vie ils doivent leur donner pour respecter l\u2019environnement et adopter une d\u00e9marche nouvelle.<\/p>\n<div style=\"text-align: center;\"><iframe loading=\"lazy\" title=\"YouTube video player\" src=\"https:\/\/www.youtube.com\/embed\/1Z7kVlPGQ-0?si=3CQ6I6w6mgoJtoKx\" width=\"560\" height=\"315\" frameborder=\"0\" allowfullscreen=\"allowfullscreen\"><\/iframe><\/div>\n<p>&nbsp;<\/p>\n<p><strong>Des exemples d\u2019emballages \u00e9cologiques inspirants<\/strong><\/p>\n<div class=\"su-table su-table-alternate\">\n<table>\n<tbody>\n<tr>\n<td><img loading=\"lazy\" decoding=\"async\" class=\"alignnone size-full wp-image-7489\" src=\"https:\/\/www.raja.fr\/blog\/wp-content\/uploads\/2023\/10\/pochette-matelassee-bulles-.png\" alt=\"\" width=\"410\" height=\"410\" \/><\/td>\n<td><a href=\"https:\/\/www.raja.fr\/enveloppes-pochettes\/pochettes-matelassees\/enveloppes-et-pochettes-a-bulles\/pochette-matelassee-de-bulles-rajabul-eco_PDT02198.html\" target=\"_blank\" rel=\"noopener\"><strong>La pochette matelass\u00e9e bulles<\/strong><\/a> facilite la collecte s\u00e9lective, puisque les bulles et le papier dont elle est compos\u00e9e sont tous deux recyclables. Elle est protectrice et antichoc, et sa fermeture adh\u00e9sive rend votre processus d\u2019emballage tr\u00e8s simple et tr\u00e8s pratique.<\/td>\n<\/tr>\n<tr>\n<td><img loading=\"lazy\" decoding=\"async\" class=\"alignnone size-full wp-image-6600\" src=\"https:\/\/www.raja.fr\/blog\/wp-content\/uploads\/2023\/02\/boite-cadeau-aimantee.png\" alt=\"\" width=\"300\" height=\"289\" \/><\/td>\n<td><a href=\"https:\/\/www.raja.fr\/emballages-boutiques\/sacs-papier-cadeau\/boites-cadeau\/boite-cadeau-kraft-avec-fermeture-aimantee_OFF_FR_709.html\" target=\"_blank\" rel=\"noopener\"><strong>La bo\u00eete cadeau kraft avec fermeture aimant\u00e9e<\/strong><\/a> est 100% recyclable aussi, et tr\u00e8s protectrice gr\u00e2ce \u00e0 son carton rigide recouvert d\u2019un papier kraft lisse. Vos clients et votre public adoreront ses belles finitions et son aspect visiblement \u00e9co-responsable.<\/td>\n<\/tr>\n<tr>\n<td><img loading=\"lazy\" decoding=\"async\" class=\"alignnone size-full wp-image-6405\" src=\"https:\/\/www.raja.fr\/blog\/wp-content\/uploads\/2023\/01\/papier-palettisation.png\" alt=\"\" width=\"410\" height=\"410\" \/><\/td>\n<td><a href=\"https:\/\/www.raja.fr\/films-palettisation\/films-etirables-et-preetires-manuels\/films-etirables-manuels-transparents\/papier-etirable-manuel_OFF_FR_1924.html\" target=\"_blank\" rel=\"noopener\"><strong>Le papier \u00e9tirable manuel de palettisation<\/strong><\/a> est \u00e9tirable jusqu\u2019\u00e0 30%, et permet de filmer vos palettes de mani\u00e8re \u00e9cologique, puisqu\u2019il est totalement recyclable.<\/td>\n<\/tr>\n<\/tbody>\n<\/table>\n<\/div>\n<div class=\"su-table su-table-alternate\">\n<table>\n<tbody>\n<tr>\n<td><strong>Connaissez-vous tous les labels et crit\u00e8res \u00e9co-responsables ?<\/strong><\/p>\n<p>Pour vous assurer que vous guidez bien vos clients au quotidien dans la gestion de la fin de vie de vos \u00e9co-emballages et de d\u00e9veloppement durable, vous devez conna\u00eetre les labels et logos pr\u00e9sents sur ces emballages.<\/p>\n<p><a href=\"\/blog\/labels-eco-responsables-emballages-recyclables\" target=\"_blank\" rel=\"noopener\">D\u00e9couvrez-les dans cet article sur les labels \u00e9co-responsables<\/a>.<\/td>\n<\/tr>\n<\/tbody>\n<\/table>\n<\/div>\n<h3>Les emballages con\u00e7us \u00e0 partir de mati\u00e8res recycl\u00e9es<\/h3>\n<p>Cette deuxi\u00e8me tendance de la collectivit\u00e9 locale englobe tous les emballages issus de la cha\u00eene de recyclage et de production, qui sont <strong>con\u00e7us \u00e0 partir de mat\u00e9riaux recycl\u00e9s et de mat\u00e9riaux naturels depuis d\u2019autres emballages ou objets<\/strong>. Il peut s\u2019agir d\u2019emballages en plastique recycl\u00e9 et biod\u00e9gradable, en carton, ou bien en papier kraft, par exemple.<\/p>\n<p>Notez que ces packagings sont parfois \u00e9galement recyclables, compostables ou bien mono-mat\u00e9riau &#8211; mais qu\u2019ils ne le sont pas toujours.<\/p>\n<p>&nbsp;<\/p>\n<div style=\"text-align: center;\"><iframe loading=\"lazy\" title=\"YouTube video player\" src=\"https:\/\/www.youtube.com\/embed\/lHKtIZCcjLI?si=8eAsgTc0WdmQywq1\" width=\"560\" height=\"315\" frameborder=\"0\" allowfullscreen=\"allowfullscreen\"><\/iframe><\/div>\n<p>&nbsp;<\/p>\n<p><strong>Des exemples d\u2019emballages \u00e9cologiques inspirants<\/strong><\/p>\n<div class=\"su-table su-table-alternate\">\n<table>\n<tbody>\n<tr>\n<td><img loading=\"lazy\" decoding=\"async\" class=\"alignnone wp-image-470\" src=\"https:\/\/www.raja.fr\/blog\/wp-content\/uploads\/2022\/05\/feuillard-les-5R.png\" alt=\"\" width=\"379\" height=\"331\" srcset=\"https:\/\/www.raja.fr\/blog\/wp-content\/uploads\/2022\/05\/feuillard-les-5R.png 964w, https:\/\/www.raja.fr\/blog\/wp-content\/uploads\/2022\/05\/feuillard-les-5R-300x262.png 300w, https:\/\/www.raja.fr\/blog\/wp-content\/uploads\/2022\/05\/feuillard-les-5R-768x672.png 768w\" sizes=\"(max-width: 379px) 100vw, 379px\" \/><\/td>\n<td><a href=\"https:\/\/www.raja.fr\/adhesifs-cerclage-collage\/feuillards-et-accessoires\/feuillards-polyester-et-composite\/feuillard-polyester-qualite-industrielle_OFF_FR_1485.html\" target=\"_blank\" rel=\"noopener\"><strong>Le feuillard polyester recycl\u00e9<\/strong><\/a> est con\u00e7u \u00e0 partir de PES 100% recycl\u00e9, mais conserve toutes les propri\u00e9t\u00e9s de r\u00e9sistance d\u2019un feuillard en plastique p\u00e9tro-sourc\u00e9 traditionnel. Autre avantage : il est \u00e9galement sans danger et ind\u00e9formable.<\/td>\n<\/tr>\n<tr>\n<td><img loading=\"lazy\" decoding=\"async\" class=\"alignnone size-full wp-image-6028\" src=\"https:\/\/www.raja.fr\/blog\/wp-content\/uploads\/2022\/11\/film-transparent.png\" alt=\"\" width=\"410\" height=\"410\" \/><\/td>\n<td><a href=\"https:\/\/www.raja.fr\/emballages-boutiques\/papiers-cadeau-et-derouleurs\/films-cadeau-metallises-transparents-et-fibre\/film-plastique-recycle-transparent-neutre-pour-paquets-cadeaux-_OFF_FR_714.html\" target=\"_blank\" rel=\"noopener\"><strong>Le film transparent 30% recycl\u00e9<\/strong><\/a> est con\u00e7u en partie \u00e0 partir de plastique PP recycl\u00e9. Il vient valoriser vos bouquets, vos compositions ou vos cadeaux, tout en les prot\u00e9geant de la poussi\u00e8re et des intemp\u00e9ries.<\/td>\n<\/tr>\n<tr>\n<td><img loading=\"lazy\" decoding=\"async\" class=\" wp-image-4956\" src=\"https:\/\/www.raja.fr\/blog\/wp-content\/uploads\/2022\/08\/image8-4.png\" alt=\"papier bulle recycl\u00e9\" width=\"316\" height=\"265\" \/><\/td>\n<td><a href=\"https:\/\/www.raja.fr\/calage-protection\/protection-bulle\/rouleaux-et-films-bulle-diametre-10-mm\/papier-bulles-recycle_OFF_FR_1071.html\" target=\"_blank\" rel=\"noopener\"><strong>Le papier bulles recycl\u00e9 RAJA<\/strong><\/a> est une v\u00e9ritable innovation : fabriqu\u00e9 en papier 100% recycl\u00e9, il absorbe tout aussi bien les chocs lors de la livraison gr\u00e2ce \u00e0 l\u2019air captur\u00e9 entre ses deux couches de papier emboss\u00e9. Il v\u00e9hicule une v\u00e9ritable image \u00e9co-responsable de votre marque.<\/td>\n<\/tr>\n<\/tbody>\n<\/table>\n[\/su_table<\/p>\n<h3>Les emballages biosourc\u00e9s<\/h3>\n<p>On parle d\u2019emballage biosourc\u00e9 pour d\u00e9crire un emballage <strong>fabriqu\u00e9 \u00e0 partir de mat\u00e9riaux renouvelables \u00e0 l\u2019\u00e9chelle humaine<\/strong> &#8211; contrairement aux emballages en mati\u00e8res issues d\u2019\u00e9nergies fossiles non-renouvelables.<\/p>\n<p>Les <a href=\"\/blog\/emballages-biosources\" target=\"_blank\" rel=\"noopener\">emballages biosourc\u00e9s<\/a> peuvent \u00eatre fabriqu\u00e9s \u00e0 partir :<\/p>\n<ul>\n<li>D\u2019amidon de ma\u00efs<\/li>\n<li>D\u2019amidon de pomme de terre<\/li>\n<li>De r\u00e9sidu fibreux de canne \u00e0 sucre (appel\u00e9 \u201cbagasse\u201d)<\/li>\n<li>De sucre de canne \u00e0 sucre ou de betterave sucri\u00e8re<\/li>\n<li>De cellulose issue du bois ou du coton<\/li>\n<li>De fibre de roseau<\/li>\n<\/ul>\n<p><strong>Des exemples d\u2019emballages \u00e9cologiques inspirants<\/strong><\/p>\n<div class=\"su-table su-table-alternate\"><\/div>\n<table>\n<tbody>\n<tr>\n<td><img loading=\"lazy\" decoding=\"async\" class=\"alignnone size-full wp-image-5881\" src=\"https:\/\/www.raja.fr\/blog\/wp-content\/uploads\/2022\/10\/boite-coque.png\" alt=\"boite-coque\" width=\"410\" height=\"410\" \/><\/td>\n<td><a href=\"https:\/\/www.raja.fr\/emballages-alimentaires\/vente-a-emporter-snacking\/boites-snacking\/boite-burger-biodegradable_OFF_FR_1107.html\" target=\"_blank\" rel=\"noopener\"><strong>La bo\u00eete coque en canne \u00e0 sucre<\/strong><\/a> est rigide et r\u00e9siste \u00e0 l\u2019eau et aux graisses. Id\u00e9ale pour un remplissage \u00e0 chaud de vos produits de snacking.<\/td>\n<\/tr>\n<tr>\n<td><img loading=\"lazy\" decoding=\"async\" class=\"alignnone size-full wp-image-7085\" src=\"https:\/\/www.raja.fr\/blog\/wp-content\/uploads\/2023\/06\/boite-amidon-mais-bioware.png\" alt=\"\" width=\"410\" height=\"410\" \/><\/td>\n<td><a href=\"https:\/\/www.raja.fr\/emballages-alimentaires\/barquette-boites-et-pots\/barquettes-et-boites-alimentaires\/barquette-biodegradable-en-pla_PDT02006.html\" target=\"_blank\" rel=\"noopener\"><strong>La bo\u00eete en amidon de ma\u00efs<\/strong><\/a> est tr\u00e8s valorisante gr\u00e2ce \u00e0 son plastique \u00e9cologique transparent, mais aussi parfaitement \u00e9tanche, pour des pr\u00e9parations culinaires bien prot\u00e9g\u00e9es et une conservation optimale.<\/td>\n<\/tr>\n<tr>\n<td><img loading=\"lazy\" decoding=\"async\" class=\"size-full wp-image-4967\" src=\"https:\/\/www.raja.fr\/blog\/wp-content\/uploads\/2022\/08\/image8.jpg\" alt=\"Sachets liasses biosourc\u00e9s, aussi l\u00e9gers que des sachets papiers\" width=\"410\" height=\"410\" \/><\/td>\n<td><a href=\"https:\/\/www.raja.fr\/sacherie-conditionnement\/sacs-et-sachets-plastique\/sachets-plastique-sans-fermeture\/sachet-liasse-biosource_OFF_FR_15047.html\" target=\"_blank\" rel=\"noopener\"><strong>Le sachet liass\u00e9 50% biosourc\u00e9<\/strong><\/a> est compos\u00e9 \u00e0 base de 50% de taux de recyclage de mati\u00e8re plastique biosourc\u00e9e tel que l\u2019amidon de pomme de terre et de ma\u00efs et de 50% de copolyester. Il est \u00e9galement agr\u00e9\u00e9 au contact alimentaire.<\/td>\n<\/tr>\n<\/tbody>\n<\/table>\n<\/div>\n<h3>Les emballages mono-mat\u00e9riau<\/h3>\n<p>Les <a href=\"\/blog\/emballage-mono-materiau\" target=\"_blank\" rel=\"noopener\">emballages mono-mat\u00e9riau<\/a> sont, comme leur nom l\u2019indique, <strong>con\u00e7us \u00e0 partir d\u2019une seule mati\u00e8re premi\u00e8re<\/strong>. Ils permettent ainsi de r\u00e9duire l\u2019utilisation et la contribution de mat\u00e9riaux en faveur du march\u00e9 Fran\u00e7ais.<\/p>\n<p>Lorsqu\u2019ils sont recyclables, ils peuvent \u00e9galement passer directement dans la fili\u00e8re de recyclage adapt\u00e9e, sans que diff\u00e9rents mat\u00e9riaux composant l\u2019emballage aient besoin d\u2019\u00eatre s\u00e9par\u00e9s.<\/p>\n<p>Il peut notamment s\u2019agir de :<\/p>\n<ul>\n<li>Certains films plastiques<\/li>\n<li>Certains emballages en carton<\/li>\n<li>Emballages en papier<\/li>\n<li>Emballages en verre<\/li>\n<li>Emballages en bois<\/li>\n<li>Emballages en mati\u00e8res m\u00e9talliques<\/li>\n<\/ul>\n<p>&nbsp;<\/p>\n<div style=\"text-align: center;\"><iframe loading=\"lazy\" title=\"YouTube video player\" src=\"https:\/\/www.youtube.com\/embed\/nsUAI7oQWLU?si=ErmSRgDsbgIjHom3\" width=\"560\" height=\"315\" frameborder=\"0\" allowfullscreen=\"allowfullscreen\"><\/iframe><\/div>\n<p>&nbsp;<\/p>\n<p><strong>Des exemples d\u2019emballages \u00e9cologiques inspirants<\/strong><\/p>\n<div class=\"su-table su-table-alternate\">\n<table>\n<tbody>\n<tr>\n<td><img loading=\"lazy\" decoding=\"async\" class=\"alignnone size-full wp-image-7490\" src=\"https:\/\/www.raja.fr\/blog\/wp-content\/uploads\/2023\/10\/pochette-papier.png\" alt=\"\" width=\"410\" height=\"410\" \/><\/td>\n<td><a href=\"https:\/\/www.raja.fr\/enveloppes-pochettes\/pochettes-matelassees\/enveloppes-et-pochettes-papier\/pochette-matelassee-papier_OFF_FR_0672.html\" target=\"_blank\" rel=\"noopener\"><strong>La pochette matelass\u00e9e bulles 100% papier<\/strong><\/a> est un \u00e9co-emballage z\u00e9ro-plastique. Totalement en papier, elle est \u00e9galement r\u00e9sistante et protectrice, mais aussi recyclable.<\/td>\n<\/tr>\n<tr>\n<td><img loading=\"lazy\" decoding=\"async\" class=\"alignnone size-full wp-image-6716\" src=\"https:\/\/www.raja.fr\/blog\/wp-content\/uploads\/2023\/03\/sac-kraft-couleur.png\" alt=\"\" width=\"410\" height=\"410\" srcset=\"https:\/\/www.raja.fr\/blog\/wp-content\/uploads\/2023\/03\/sac-kraft-couleur.png 410w, https:\/\/www.raja.fr\/blog\/wp-content\/uploads\/2023\/03\/sac-kraft-couleur-300x300.png 300w, https:\/\/www.raja.fr\/blog\/wp-content\/uploads\/2023\/03\/sac-kraft-couleur-150x150.png 150w, https:\/\/www.raja.fr\/blog\/wp-content\/uploads\/2023\/03\/sac-kraft-couleur-120x120.png 120w\" sizes=\"(max-width: 410px) 100vw, 410px\" \/><\/td>\n<td><a href=\"https:\/\/www.raja.fr\/emballages-boutiques\/sacs-papier-cadeau\/sacs-kraft-a-poignee-torsadee\/sac-kraft-lisse-poignees-torsadees-couleurs-rajashop_PDT01947.html\" target=\"_blank\" rel=\"noopener\"><strong>Les sacs kraft<\/strong><\/a> sont devenus une tendance mono-mat\u00e9riau pour les boutiques qui souhaitent rendre une image \u00e9co-responsable au geste de tri s\u00e9lectif. Choisissez-les aux couleurs de votre entreprise, et recyclables, pour valoriser au maximum votre image de marque.<\/td>\n<\/tr>\n<tr>\n<td><img loading=\"lazy\" decoding=\"async\" class=\"size-full wp-image-4954\" src=\"https:\/\/www.raja.fr\/blog\/wp-content\/uploads\/2022\/08\/image6-5.png\" alt=\"Rouleau adh\u00e9sif Raja\" width=\"276\" height=\"242\" \/><\/td>\n<td><a href=\"https:\/\/www.raja.fr\/adhesifs-cerclage-collage\/adhesifs-emballage\/rubans-adhesifs-papier-kraft\/ruban-emballage-en-papier-kraft-adhesif_PDT01167.html\" target=\"_blank\" rel=\"noopener\"><strong>Le ruban adh\u00e9sif en papier kraft<\/strong> <\/a>est biosourc\u00e9, mono-mat\u00e9riau et recyclable : trois bonnes raisons de l\u2019ajouter \u00e0 vos contenants recyclables, pour que l\u2019ensemble puisse passer dans les fili\u00e8res d&rsquo;info tri imm\u00e9diatement.<\/td>\n<\/tr>\n<\/tbody>\n<\/table>\n<\/div>\n<h3>Les emballages compostables<\/h3>\n<p>On parle d\u2019<a href=\"\/blog\/emballages-compostables-strategie-logistique\" target=\"_blank\" rel=\"noopener\">emballage compostable<\/a> lorsqu\u2019un packaging est <strong>fait \u00e0 partir de mati\u00e8res qui peuvent se d\u00e9grader dans la nature sans avoir un impact n\u00e9gatif dessus<\/strong>. L&#8217;emballage est recyclable et ils sont id\u00e9aux pour la vente de produits alimentaires \u00e0 emporter, qui se retrouvent souvent dans la nature lorsqu\u2019ils sont consomm\u00e9s sur le pouce.<\/p>\n<p>Ces emballages sont souvent con\u00e7us \u00e0 partir des m\u00eames mat\u00e9riaux que les emballages biosourc\u00e9s. Mais ceux-ci sont test\u00e9s dans l&rsquo;obligation de pouvoir se d\u00e9grader dans la nature, ainsi tous les emballages biosourc\u00e9s ne sont pas compostables.<\/p>\n<p>Ce type d\u2019emballage point vert peut \u00eatre compostable :<\/p>\n<ul>\n<li>\u00c0 la maison (lorsqu\u2019ils sont marqu\u00e9s avec le logo \u201cOk Compost Home\u201d)<\/li>\n<li>En centre de compostage industriel (lorsqu\u2019ils pr\u00e9sentent le logo \u201cOk Compost\u201d)<\/li>\n<\/ul>\n<p><strong>Des exemples d\u2019emballages \u00e9cologiques inspirants<\/strong><\/p>\n<div class=\"su-table su-table-alternate\">\n<table>\n<tbody>\n<tr>\n<td><img loading=\"lazy\" decoding=\"async\" class=\"alignnone size-full wp-image-7491\" src=\"https:\/\/www.raja.fr\/blog\/wp-content\/uploads\/2023\/10\/gobelet-earth-cup.png\" alt=\"\" width=\"410\" height=\"410\" srcset=\"https:\/\/www.raja.fr\/blog\/wp-content\/uploads\/2023\/10\/gobelet-earth-cup.png 410w, https:\/\/www.raja.fr\/blog\/wp-content\/uploads\/2023\/10\/gobelet-earth-cup-300x300.png 300w, https:\/\/www.raja.fr\/blog\/wp-content\/uploads\/2023\/10\/gobelet-earth-cup-150x150.png 150w, https:\/\/www.raja.fr\/blog\/wp-content\/uploads\/2023\/10\/gobelet-earth-cup-120x120.png 120w\" sizes=\"(max-width: 410px) 100vw, 410px\" \/><\/td>\n<td><a href=\"https:\/\/www.raja.fr\/emballages-alimentaires\/vaisselles-jetable\/gobelet-verre-boisson-froide\/gobelet-carton-earth-cup_OFF_FR_0567.html\" target=\"_blank\" rel=\"noopener\"><strong>Le gobelet carton Earth Cup<\/strong><\/a> est compostable, mais \u00e9galement solide, isolant et \u00e9tanche.<\/td>\n<\/tr>\n<tr>\n<td><img loading=\"lazy\" decoding=\"async\" class=\"alignnone size-full wp-image-7492\" src=\"https:\/\/www.raja.fr\/blog\/wp-content\/uploads\/2023\/10\/sac-poubelle-recycle-1.png\" alt=\"\" width=\"410\" height=\"410\" \/><\/td>\n<td><a href=\"https:\/\/www.raja.fr\/entretien-hygiene\/collecte-des-dechets\/sacs-poubelle\/sacs-poubelle-biodegradables-atoubio_OFF_FR_9646.html\" target=\"_blank\" rel=\"noopener\"><strong>Le sac poubelle 40% biosourc\u00e9<\/strong><\/a> est compostable industriellement : id\u00e9al pour parfaire votre strat\u00e9gie de gestion des d\u00e9chets dans votre entreprise. Son r\u00f4le repr\u00e9sente un grand inter\u00eat pour votre soci\u00e9t\u00e9.<\/td>\n<\/tr>\n<\/tbody>\n<\/table>\n<\/div>\n<h3>Les emballages r\u00e9utilisables<\/h3>\n<p>Ce type d\u2019emballage avec ce type d&rsquo;utilisation de mat\u00e9riaux est con\u00e7u pour \u00eatre utilis\u00e9 plusieurs fois (souvent une fois par l\u2019entreprise, et une seconde fois par le consommateur final). Ils permettent de faire dispara\u00eetre de votre strat\u00e9gie logistique l\u2019emballage \u00e0 usage unique, qui nuit \u00e0 l\u2019environnement et ainsi contribuer \u00e0 l&rsquo;engagement de la protection de la plan\u00e8te.<\/p>\n<p>Les <a href=\"\/blog\/emballages-reutilisables\" target=\"_blank\" rel=\"noopener\">emballages r\u00e9utilisables<\/a> sont test\u00e9s pour pouvoir <strong>r\u00e9sister \u00e0 de multiples utilisations<\/strong>, et con\u00e7us dans des mat\u00e9riaux comme un carton \u00e0 l\u2019\u00e9paisseur suffisante pour r\u00e9sister ou du verre.<\/p>\n<p><strong>Des exemples d\u2019emballages \u00e9cologiques inspirants<\/strong><\/p>\n<div class=\"su-table su-table-alternate\">\n<table>\n<tbody>\n<tr>\n<td><img loading=\"lazy\" decoding=\"async\" class=\"alignnone size-full wp-image-6327\" src=\"https:\/\/www.raja.fr\/blog\/wp-content\/uploads\/2023\/01\/packaging-aller-retour.png\" alt=\"packaging-aller-retour\" width=\"463\" height=\"419\" srcset=\"https:\/\/www.raja.fr\/blog\/wp-content\/uploads\/2023\/01\/packaging-aller-retour.png 463w, https:\/\/www.raja.fr\/blog\/wp-content\/uploads\/2023\/01\/packaging-aller-retour-300x271.png 300w\" sizes=\"(max-width: 463px) 100vw, 463px\" \/><\/td>\n<td><a href=\"https:\/\/www.raja.fr\/emballages-boutiques\/sacs-papier-cadeau\/sacs-kraft-a-poignee-torsadee\/sac-kraft-lisse-poignees-torsadees-couleurs-rajashop_PDT01947.html?query=aller-retour&amp;SearchCat=natural&amp;SearchQuery=aller-retour\" target=\"_blank\" rel=\"noopener\"><strong>Les caisses, \u00e9tuis, bo\u00eetes et pochettes aller-retour<\/strong><\/a> facilitent les retours e-commerce de vos clients, en leur permettant de renvoyer leurs marchandises dans le m\u00eame emballage en toute s\u00e9curit\u00e9 et ainsi recourir \u00e0 la r\u00e9duction des d\u00e9chets.<\/td>\n<\/tr>\n<tr>\n<td><img loading=\"lazy\" decoding=\"async\" class=\"alignnone size-full wp-image-6007\" src=\"https:\/\/www.raja.fr\/blog\/wp-content\/uploads\/2022\/11\/gobelet-verre.png\" alt=\"\" width=\"410\" height=\"410\" srcset=\"https:\/\/www.raja.fr\/blog\/wp-content\/uploads\/2022\/11\/gobelet-verre.png 410w, https:\/\/www.raja.fr\/blog\/wp-content\/uploads\/2022\/11\/gobelet-verre-300x300.png 300w, https:\/\/www.raja.fr\/blog\/wp-content\/uploads\/2022\/11\/gobelet-verre-150x150.png 150w, https:\/\/www.raja.fr\/blog\/wp-content\/uploads\/2022\/11\/gobelet-verre-120x120.png 120w\" sizes=\"(max-width: 410px) 100vw, 410px\" \/><\/td>\n<td><a href=\"https:\/\/www.raja.fr\/emballages-boutiques\/sacs-papier-cadeau\/sacs-kraft-a-poignee-torsadee\/sac-kraft-lisse-poignees-torsadees-couleurs-rajashop_PDT01947.html?query=verre&amp;hierarchicalMenu%5Bcategories.lvl0%5D=Emballages%20alimentaires%20%3E%20Vaisselle%20r%C3%A9utilisable%2C%20art%20de%20la%20table&amp;SearchCat=natural&amp;SearchQuery=verre\" target=\"_blank\" rel=\"noopener\"><strong>Les emballages alimentaires en verre<\/strong><\/a> sont id\u00e9aux pour les traiteurs qui veulent se doter de packagings valorisants et \u00e9co-responsables.<\/td>\n<\/tr>\n<tr>\n<td><img loading=\"lazy\" decoding=\"async\" class=\"alignnone size-full wp-image-7465\" src=\"https:\/\/www.raja.fr\/blog\/wp-content\/uploads\/2023\/10\/palette-recyclee.png\" alt=\"\" width=\"410\" height=\"410\" \/><\/td>\n<td><a href=\"https:\/\/www.raja.fr\/films-palettisation\/palettes-et-accessoires\/palettes-plastique_C173830.html\" target=\"_blank\" rel=\"noopener\"><strong>Les palettes r\u00e9utilisables en plastique<\/strong><\/a> \u00e9vitent d\u2019avoir recours \u00e0 des palettes en bois traditionnelles qui r\u00e9sistent plus difficilement \u00e0 de multiples exp\u00e9ditions.<\/td>\n<\/tr>\n<\/tbody>\n<\/table>\n<\/div>\n<h3>Les emballages \u00e9co-con\u00e7us<\/h3>\n<p>L\u2019\u00e9co-conception est une m\u00e9thode de cr\u00e9ation d\u2019emballages durables, qui vise \u00e0 <strong>prendre en compte le cycle de vie complet de l\u2019emballage pour le faire r\u00e9pondre aux exigences environnementales<\/strong> actuelles.<\/p>\n<p>Lorsque vous \u00e9co-concevez votre emballage, vous faites en sorte que chacune de ses composantes soient \u00e9co-responsables : contenant principal, mat\u00e9riaux de calage, ressource naturelle, encre d\u2019impression, \u00e9tiquettes \u00e9cologiques, colles solubles, adh\u00e9sifs durables\u2026<\/p>\n<p>Pour creuser cette derni\u00e8re tendance, <a href=\"\/blog\/packaging-eco-concu\" target=\"_blank\" rel=\"noopener\">rendez-vous sur notre article d\u00e9di\u00e9 aux packagings \u00e9co-con\u00e7us<\/a>.<\/p>\n<p>Alors, vers quelles tendances allez-vous vous tourner pour souscrire aux attentes de vos clients et des r\u00e9glementations \u00e9cologiques en vigueur ?<\/p>\n<p>* Source : <a href=\"https:\/\/www.twosides.info\/documents\/research\/2020\/packaging\/Les-pr%C3%A9f%C3%A9rences-des-consommateurs-europ%C3%A9ens-en-mati%C3%A8re-demballage-en-2020_FR.pdf\" target=\"_blank\" rel=\"noopener\">\u00e9tude Tonula, 2020<\/a><\/p>\n<p><span id=\"hs-cta-wrapper-5d0cd13f-9f78-494f-9224-1248c6088056\" class=\"hs-cta-wrapper\"><span id=\"hs-cta-5d0cd13f-9f78-494f-9224-1248c6088056\" class=\"hs-cta-node hs-cta-5d0cd13f-9f78-494f-9224-1248c6088056\"><!-- [if lte IE 8]>\n\n\n<div id=\"hs-cta-ie-element\"><\/div>\n\n\n<![endif]--><a href=\"https:\/\/cta-redirect.hubspot.com\/cta\/redirect\/4002043\/5d0cd13f-9f78-494f-9224-1248c6088056\" target=\"_blank\" rel=\"noopener\"><img loading=\"lazy\" decoding=\"async\" id=\"hs-cta-img-5d0cd13f-9f78-494f-9224-1248c6088056\" class=\"hs-cta-img\" style=\"border-width: 0px;\" src=\"https:\/\/no-cache.hubspot.com\/cta\/default\/4002043\/5d0cd13f-9f78-494f-9224-1248c6088056.png\" alt=\"Nouveau call-to-action\" \/><\/a><\/span><\/span><\/p>\n","protected":false},"excerpt":{"rendered":"<p>Vous le savez bien : aujourd\u2019hui, quel que soit le secteur d\u2019activit\u00e9 dans lequel votre entreprise \u00e9volue, il est hors de question de vous contenter d\u2019emballages peu vertueux pour l\u2019environnement [&#8230;]<\/p>\n","protected":false},"author":16,"featured_media":7505,"comment_status":"open","ping_status":"open","sticky":false,"template":"","format":"standard","meta":{"_acf_changed":false,"content-type":"","footnotes":""},"categories":[41,75],"tags":[36,11,34,67],"class_list":["post-7486","post","type-post","status-publish","format-standard","has-post-thumbnail","hentry","category-eco-responsabilite-environnement","category-emballage-expeditions","tag-eco-responsabilite","tag-emballages","tag-experience-client","tag-tendances"],"acf":[],"yoast_head":"\n<title>Les 7 tendances d\u2019\u00e9co-emballage incontournables - Blog RAJA FR<\/title>\n<meta name=\"description\" content=\"Les tendances incontournables du moment en mati\u00e8re d\u2019\u00e9co-emballage pour vous y retrouver parmi l&#039;offre \u00e9cologique disponible\" \/>\n<meta name=\"robots\" content=\"index, follow, max-snippet:-1, max-image-preview:large, max-video-preview:-1\" \/>\n<link rel=\"canonical\" href=\"https:\/\/www.raja.fr\/blog\/eco-emballage\" \/>\n<meta property=\"og:locale\" content=\"fr_FR\" \/>\n<meta property=\"og:type\" content=\"article\" \/>\n<meta property=\"og:title\" content=\"Les 7 tendances d\u2019\u00e9co-emballage incontournables - Blog RAJA FR\" \/>\n<meta property=\"og:description\" content=\"Les tendances incontournables du moment en mati\u00e8re d\u2019\u00e9co-emballage pour vous y retrouver parmi l&#039;offre \u00e9cologique disponible\" \/>\n<meta property=\"og:url\" content=\"https:\/\/www.raja.fr\/blog\/eco-emballage\" \/>\n<meta property=\"og:site_name\" content=\"Blog RAJA FR\" \/>\n<meta property=\"article:published_time\" content=\"2023-10-31T09:37:27+00:00\" \/>\n<meta property=\"article:modified_time\" content=\"2026-02-19T09:15:21+00:00\" \/>\n<meta property=\"og:image\" content=\"https:\/\/www.raja.fr\/blog\/wp-content\/uploads\/2023\/10\/eco-emballage.jpeg\" \/>\n\t<meta property=\"og:image:width\" content=\"1200\" \/>\n\t<meta property=\"og:image:height\" content=\"800\" \/>\n\t<meta property=\"og:image:type\" content=\"image\/jpeg\" \/>\n<meta name=\"author\" content=\"eleonor\" \/>\n<meta name=\"twitter:card\" content=\"summary_large_image\" \/>\n<meta name=\"twitter:label1\" content=\"\u00c9crit par\" \/>\n\t<meta name=\"twitter:data1\" content=\"eleonor\" \/>\n\t<meta name=\"twitter:label2\" content=\"Dur\u00e9e de lecture estim\u00e9e\" \/>\n\t<meta name=\"twitter:data2\" content=\"13 minutes\" \/>\n<script type=\"application\/ld+json\" class=\"yoast-schema-graph\">{\n\t    \"@context\": \"https:\/\/schema.org\",\n\t    \"@graph\": [\n\t        {\n\t            \"@type\": \"WebPage\",\n\t            \"@id\": \"https:\/\/www.raja.fr\/blog\/eco-emballage\",\n\t            \"url\": \"https:\/\/www.raja.fr\/blog\/eco-emballage\",\n\t            \"name\": \"Les 7 tendances d\u2019\u00e9co-emballage incontournables - Blog RAJA FR\",\n\t            \"isPartOf\": {\n\t                \"@id\": \"https:\/\/www.raja.fr\/blog\/#website\"\n\t            },\n\t            \"primaryImageOfPage\": {\n\t                \"@id\": \"https:\/\/www.raja.fr\/blog\/eco-emballage#primaryimage\"\n\t            },\n\t            \"image\": {\n\t                \"@id\": \"https:\/\/www.raja.fr\/blog\/eco-emballage#primaryimage\"\n\t            },\n\t            \"thumbnailUrl\": \"https:\/\/www.raja.fr\/blog\/wp-content\/uploads\/2023\/10\/eco-emballage.jpeg\",\n\t            \"datePublished\": \"2023-10-31T09:37:27+00:00\",\n\t            \"dateModified\": \"2026-02-19T09:15:21+00:00\",\n\t            \"author\": {\n\t                \"@id\": \"https:\/\/www.raja.fr\/blog\/#\/schema\/person\/07e3ad93477b11df54af80fd13759af6\"\n\t            },\n\t            \"description\": \"Les tendances incontournables du moment en mati\u00e8re d\u2019\u00e9co-emballage pour vous y retrouver parmi l'offre \u00e9cologique disponible\",\n\t            \"inLanguage\": \"fr-FR\",\n\t            \"potentialAction\": [\n\t                {\n\t                    \"@type\": \"ReadAction\",\n\t                    \"target\": [\n\t                        \"https:\/\/www.raja.fr\/blog\/eco-emballage\"\n\t                    ]\n\t                }\n\t            ]\n\t        },\n\t        {\n\t            \"@type\": \"ImageObject\",\n\t            \"inLanguage\": \"fr-FR\",\n\t            \"@id\": \"https:\/\/www.raja.fr\/blog\/eco-emballage#primaryimage\",\n\t            \"url\": \"https:\/\/www.raja.fr\/blog\/wp-content\/uploads\/2023\/10\/eco-emballage.jpeg\",\n\t            \"contentUrl\": \"https:\/\/www.raja.fr\/blog\/wp-content\/uploads\/2023\/10\/eco-emballage.jpeg\",\n\t            \"width\": 1200,\n\t            \"height\": 800,\n\t            \"caption\": \"Carol Yepes via Getty Images\"\n\t        },\n\t        {\n\t            \"@type\": \"WebSite\",\n\t            \"@id\": \"https:\/\/www.raja.fr\/blog\/#website\",\n\t            \"url\": \"https:\/\/www.raja.fr\/blog\/\",\n\t            \"name\": \"Blog RAJA FR\",\n\t            \"description\": \"Les derni\u00e8res tendances emballage, logististique et E-commerce\",\n\t            \"potentialAction\": [\n\t                {\n\t                    \"@type\": \"SearchAction\",\n\t                    \"target\": {\n\t                        \"@type\": \"EntryPoint\",\n\t                        \"urlTemplate\": \"https:\/\/www.raja.fr\/blog\/?s={search_term_string}\"\n\t                    },\n\t                    \"query-input\": {\n\t                        \"@type\": \"PropertyValueSpecification\",\n\t                        \"valueRequired\": true,\n\t                        \"valueName\": \"search_term_string\"\n\t                    }\n\t                }\n\t            ],\n\t            \"inLanguage\": \"fr-FR\"\n\t        },\n\t        {\n\t            \"@type\": \"Person\",\n\t            \"@id\": \"https:\/\/www.raja.fr\/blog\/#\/schema\/person\/07e3ad93477b11df54af80fd13759af6\",\n\t            \"name\": \"eleonor\",\n\t            \"image\": {\n\t                \"@type\": \"ImageObject\",\n\t                \"inLanguage\": \"fr-FR\",\n\t                \"@id\": \"https:\/\/www.raja.fr\/blog\/#\/schema\/person\/image\/\",\n\t                \"url\": \"https:\/\/secure.gravatar.com\/avatar\/1aa536a845c5780e3686cb173633385c?s=96&d=mm&r=g\",\n\t                \"contentUrl\": \"https:\/\/secure.gravatar.com\/avatar\/1aa536a845c5780e3686cb173633385c?s=96&d=mm&r=g\",\n\t                \"caption\": \"eleonor\"\n\t            },\n\t            \"url\": \"https:\/\/www.raja.fr\/blog\/author\/eleonor\"\n\t        }\n\t    ]\n\t}<\/script>\n","yoast_head_json":{"title":"Les 7 tendances d\u2019\u00e9co-emballage incontournables - Blog RAJA FR","description":"Les tendances incontournables du moment en mati\u00e8re d\u2019\u00e9co-emballage pour vous y retrouver parmi l'offre \u00e9cologique disponible","robots":{"index":"index","follow":"follow","max-snippet":"max-snippet:-1","max-image-preview":"max-image-preview:large","max-video-preview":"max-video-preview:-1"},"canonical":"https:\/\/www.raja.fr\/blog\/eco-emballage","og_locale":"fr_FR","og_type":"article","og_title":"Les 7 tendances d\u2019\u00e9co-emballage incontournables - Blog RAJA FR","og_description":"Les tendances incontournables du moment en mati\u00e8re d\u2019\u00e9co-emballage pour vous y retrouver parmi l'offre \u00e9cologique disponible","og_url":"https:\/\/www.raja.fr\/blog\/eco-emballage","og_site_name":"Blog RAJA FR","article_published_time":"2023-10-31T09:37:27+00:00","article_modified_time":"2026-02-19T09:15:21+00:00","og_image":[{"width":1200,"height":800,"url":"https:\/\/www.raja.fr\/blog\/wp-content\/uploads\/2023\/10\/eco-emballage.jpeg","type":"image\/jpeg"}],"author":"eleonor","twitter_card":"summary_large_image","twitter_misc":{"\u00c9crit par":"eleonor","Dur\u00e9e de lecture estim\u00e9e":"13 minutes"},"schema":{"@context":"https:\/\/schema.org","@graph":[{"@type":"WebPage","@id":"https:\/\/www.raja.fr\/blog\/eco-emballage","url":"https:\/\/www.raja.fr\/blog\/eco-emballage","name":"Les 7 tendances d\u2019\u00e9co-emballage incontournables - Blog RAJA FR","isPartOf":{"@id":"https:\/\/www.raja.fr\/blog\/#website"},"primaryImageOfPage":{"@id":"https:\/\/www.raja.fr\/blog\/eco-emballage#primaryimage"},"image":{"@id":"https:\/\/www.raja.fr\/blog\/eco-emballage#primaryimage"},"thumbnailUrl":"https:\/\/www.raja.fr\/blog\/wp-content\/uploads\/2023\/10\/eco-emballage.jpeg","datePublished":"2023-10-31T09:37:27+00:00","dateModified":"2026-02-19T09:15:21+00:00","author":{"@id":"https:\/\/www.raja.fr\/blog\/#\/schema\/person\/07e3ad93477b11df54af80fd13759af6"},"description":"Les tendances incontournables du moment en mati\u00e8re d\u2019\u00e9co-emballage pour vous y retrouver parmi l'offre \u00e9cologique disponible","inLanguage":"fr-FR","potentialAction":[{"@type":"ReadAction","target":["https:\/\/www.raja.fr\/blog\/eco-emballage"]}]},{"@type":"ImageObject","inLanguage":"fr-FR","@id":"https:\/\/www.raja.fr\/blog\/eco-emballage#primaryimage","url":"https:\/\/www.raja.fr\/blog\/wp-content\/uploads\/2023\/10\/eco-emballage.jpeg","contentUrl":"https:\/\/www.raja.fr\/blog\/wp-content\/uploads\/2023\/10\/eco-emballage.jpeg","width":1200,"height":800,"caption":"Carol Yepes via Getty Images"},{"@type":"WebSite","@id":"https:\/\/www.raja.fr\/blog\/#website","url":"https:\/\/www.raja.fr\/blog\/","name":"Blog RAJA FR","description":"Les derni\u00e8res tendances emballage, logististique et E-commerce","potentialAction":[{"@type":"SearchAction","target":{"@type":"EntryPoint","urlTemplate":"https:\/\/www.raja.fr\/blog\/?s={search_term_string}"},"query-input":{"@type":"PropertyValueSpecification","valueRequired":true,"valueName":"search_term_string"}}],"inLanguage":"fr-FR"},{"@type":"Person","@id":"https:\/\/www.raja.fr\/blog\/#\/schema\/person\/07e3ad93477b11df54af80fd13759af6","name":"eleonor","image":{"@type":"ImageObject","inLanguage":"fr-FR","@id":"https:\/\/www.raja.fr\/blog\/#\/schema\/person\/image\/","url":"https:\/\/secure.gravatar.com\/avatar\/1aa536a845c5780e3686cb173633385c?s=96&d=mm&r=g","contentUrl":"https:\/\/secure.gravatar.com\/avatar\/1aa536a845c5780e3686cb173633385c?s=96&d=mm&r=g","caption":"eleonor"},"url":"https:\/\/www.raja.fr\/blog\/author\/eleonor"}]}},"_links":{"self":[{"href":"https:\/\/www.raja.fr\/blog\/wp-json\/wp\/v2\/posts\/7486"}],"collection":[{"href":"https:\/\/www.raja.fr\/blog\/wp-json\/wp\/v2\/posts"}],"about":[{"href":"https:\/\/www.raja.fr\/blog\/wp-json\/wp\/v2\/types\/post"}],"author":[{"embeddable":true,"href":"https:\/\/www.raja.fr\/blog\/wp-json\/wp\/v2\/users\/16"}],"replies":[{"embeddable":true,"href":"https:\/\/www.raja.fr\/blog\/wp-json\/wp\/v2\/comments?post=7486"}],"version-history":[{"count":7,"href":"https:\/\/www.raja.fr\/blog\/wp-json\/wp\/v2\/posts\/7486\/revisions"}],"predecessor-version":[{"id":12310,"href":"https:\/\/www.raja.fr\/blog\/wp-json\/wp\/v2\/posts\/7486\/revisions\/12310"}],"wp:featuredmedia":[{"embeddable":true,"href":"https:\/\/www.raja.fr\/blog\/wp-json\/wp\/v2\/media\/7505"}],"wp:attachment":[{"href":"https:\/\/www.raja.fr\/blog\/wp-json\/wp\/v2\/media?parent=7486"}],"wp:term":[{"taxonomy":"category","embeddable":true,"href":"https:\/\/www.raja.fr\/blog\/wp-json\/wp\/v2\/categories?post=7486"},{"taxonomy":"post_tag","embeddable":true,"href":"https:\/\/www.raja.fr\/blog\/wp-json\/wp\/v2\/tags?post=7486"}],"curies":[{"name":"wp","href":"https:\/\/api.w.org\/{rel}","templated":true}]}}